{"id":15686,"date":"2015-09-15T18:29:08","date_gmt":"2015-09-15T16:29:08","guid":{"rendered":"http:\/\/www.forcefemmes.com\/\/?p=15686"},"modified":"2024-04-08T17:26:10","modified_gmt":"2024-04-08T15:26:10","slug":"force-femmes-recrute-des-stagiaires","status":"publish","type":"post","link":"https:\/\/www.forcefemmes.com\/?p=15686","title":{"rendered":"Force Femmes recrute des stagiaires !"},"content":{"rendered":"<p><strong>Force Femmes recherche deux stagiaires pour une dur\u00e9e de 6 mois (octobre 2015 \u2013 mars 2016 \/ dates flexibles).<\/strong><\/p>\n<p>&gt;&gt; charg\u00e9(e) de mission D\u00e9veloppement territorial<br \/>\n&gt;&gt;\u00a0charg\u00e9(e) de mission Ile-de-France<\/p>\n<p>Ces stages regroupent des missions d&rsquo;animation de r\u00e9seau, de soutien sur les \u00e9v\u00e9nements, gestion des b\u00e9n\u00e9ficiaires, encadrement des b\u00e9n\u00e9voles et participation aux \u00e9l\u00e9ments de communication.<\/p>\n<p><strong>Profil\u00a0<\/strong>: Formation sup\u00e9rieure BAC+5 (sp\u00e9cialisation gestion des projets humanitaires\/associatif est un plus)<\/p>\n<p><strong>Ind\u00e9mnit\u00e9\u00a0<\/strong>: 554,40\u20ac\/mois (+ carte de transport rembours\u00e9e \u00e0 50% + tickets restaurant)<\/p>\n<p><strong>Lieu\u00a0<\/strong>: 14-16 Bd de Douaumont \u2013 75017 Paris<\/p>\n<p><strong>Contact<\/strong>\u00a0: camille[a]forcefemmes.com\u00a0(Paris) \/\u00a0marion[a]forcefemmes.com\u00a0(D\u00e9veloppement territorial)<\/p>\n","protected":false},"excerpt":{"rendered":"<p>Force Femmes recherche deux stagiaires pour une dur\u00e9e de 6 mois (octobre 2015 \u2013 mars 2016 \/ dates flexibles). &gt;&gt; charg\u00e9(e) de mission D\u00e9veloppement territorial &gt;&gt;\u00a0charg\u00e9(e) de mission Ile-de-France Ces stages regroupent des missions d&rsquo;animation de r\u00e9seau, de soutien sur les \u00e9v\u00e9nements, gestion des b\u00e9n\u00e9ficiaires,&#8230;<\/p>\n","protected":false},"author":1,"featured_media":15778,"comment_status":"open","ping_status":"open","sticky":false,"template":"","format":"standard","meta":{"footnotes":""},"categories":[145],"tags":[],"class_list":["post-15686","post","type-post","status-publish","format-standard","has-post-thumbnail","hentry","category-autre"],"yoast_head":"<!-- This site is optimized with the Yoast SEO Premium plugin v27.0 (Yoast SEO v27.9) - https:\/\/yoast.com\/product\/yoast-seo-premium-wordpress\/ -->\n<title>Force Femmes recrute des stagiaires ! | Force Femmes<\/title>\n<meta name=\"robots\" content=\"index, follow, max-snippet:-1, max-image-preview:large, max-video-preview:-1\" \/>\n<link rel=\"canonical\" href=\"https:\/\/www.forcefemmes.com\/?p=15686\" \/>\n<meta property=\"og:locale\" content=\"fr_FR\" \/>\n<meta property=\"og:type\" content=\"article\" \/>\n<meta property=\"og:title\" content=\"Force Femmes recrute des stagiaires !\" \/>\n<meta property=\"og:description\" content=\"Force Femmes recherche deux stagiaires pour une dur\u00e9e de 6 mois (octobre 2015 \u2013 mars 2016 \/ dates flexibles). &gt;&gt; charg\u00e9(e) de mission D\u00e9veloppement territorial &gt;&gt;\u00a0charg\u00e9(e) de mission Ile-de-France Ces stages regroupent des missions d&rsquo;animation de r\u00e9seau, de soutien sur les \u00e9v\u00e9nements, gestion des b\u00e9n\u00e9ficiaires,...\" \/>\n<meta property=\"og:url\" content=\"https:\/\/www.forcefemmes.com\/?p=15686\" \/>\n<meta property=\"og:site_name\" content=\"Force Femmes\" \/>\n<meta property=\"article:published_time\" content=\"2015-09-15T16:29:08+00:00\" \/>\n<meta property=\"article:modified_time\" content=\"2024-04-08T15:26:10+00:00\" \/>\n<meta property=\"og:image\" content=\"https:\/\/www.forcefemmes.com\/wp-content\/uploads\/2015\/09\/FF-recrute.jpg\" \/>\n\t<meta property=\"og:image:width\" content=\"1500\" \/>\n\t<meta property=\"og:image:height\" content=\"1162\" \/>\n\t<meta property=\"og:image:type\" content=\"image\/jpeg\" \/>\n<meta name=\"author\" content=\"info@forcefemmes.com\" \/>\n<meta name=\"twitter:card\" content=\"summary_large_image\" \/>\n<meta name=\"twitter:label1\" content=\"\u00c9crit par\" \/>\n\t<meta name=\"twitter:data1\" content=\"info@forcefemmes.com\" \/>\n\t<meta name=\"twitter:label2\" content=\"Dur\u00e9e de lecture estim\u00e9e\" \/>\n\t<meta name=\"twitter:data2\" content=\"1 minute\" \/>\n<script type=\"application\/ld+json\" class=\"yoast-schema-graph\">{\"@context\":\"https:\\\/\\\/schema.org\",\"@graph\":[{\"@type\":\"Article\",\"@id\":\"https:\\\/\\\/www.forcefemmes.com\\\/?p=15686#article\",\"isPartOf\":{\"@id\":\"https:\\\/\\\/www.forcefemmes.com\\\/?p=15686\"},\"author\":{\"name\":\"info@forcefemmes.com\",\"@id\":\"https:\\\/\\\/www.forcefemmes.com\\\/#\\\/schema\\\/person\\\/5bbda8a197fcdd46d3de8a8adc540d4f\"},\"headline\":\"Force Femmes recrute des stagiaires !\",\"datePublished\":\"2015-09-15T16:29:08+00:00\",\"dateModified\":\"2024-04-08T15:26:10+00:00\",\"mainEntityOfPage\":{\"@id\":\"https:\\\/\\\/www.forcefemmes.com\\\/?p=15686\"},\"wordCount\":113,\"commentCount\":0,\"image\":{\"@id\":\"https:\\\/\\\/www.forcefemmes.com\\\/?p=15686#primaryimage\"},\"thumbnailUrl\":\"https:\\\/\\\/www.forcefemmes.com\\\/wp-content\\\/uploads\\\/2015\\\/09\\\/FF-recrute.jpg\",\"articleSection\":[\"Autre\"],\"inLanguage\":\"fr-FR\",\"potentialAction\":[{\"@type\":\"CommentAction\",\"name\":\"Comment\",\"target\":[\"https:\\\/\\\/www.forcefemmes.com\\\/?p=15686#respond\"]}]},{\"@type\":\"WebPage\",\"@id\":\"https:\\\/\\\/www.forcefemmes.com\\\/?p=15686\",\"url\":\"https:\\\/\\\/www.forcefemmes.com\\\/?p=15686\",\"name\":\"Force Femmes recrute des stagiaires ! | Force Femmes\",\"isPartOf\":{\"@id\":\"https:\\\/\\\/www.forcefemmes.com\\\/#website\"},\"primaryImageOfPage\":{\"@id\":\"https:\\\/\\\/www.forcefemmes.com\\\/?p=15686#primaryimage\"},\"image\":{\"@id\":\"https:\\\/\\\/www.forcefemmes.com\\\/?p=15686#primaryimage\"},\"thumbnailUrl\":\"https:\\\/\\\/www.forcefemmes.com\\\/wp-content\\\/uploads\\\/2015\\\/09\\\/FF-recrute.jpg\",\"datePublished\":\"2015-09-15T16:29:08+00:00\",\"dateModified\":\"2024-04-08T15:26:10+00:00\",\"author\":{\"@id\":\"https:\\\/\\\/www.forcefemmes.com\\\/#\\\/schema\\\/person\\\/5bbda8a197fcdd46d3de8a8adc540d4f\"},\"breadcrumb\":{\"@id\":\"https:\\\/\\\/www.forcefemmes.com\\\/?p=15686#breadcrumb\"},\"inLanguage\":\"fr-FR\",\"potentialAction\":[{\"@type\":\"ReadAction\",\"target\":[\"https:\\\/\\\/www.forcefemmes.com\\\/?p=15686\"]}]},{\"@type\":\"ImageObject\",\"inLanguage\":\"fr-FR\",\"@id\":\"https:\\\/\\\/www.forcefemmes.com\\\/?p=15686#primaryimage\",\"url\":\"https:\\\/\\\/www.forcefemmes.com\\\/wp-content\\\/uploads\\\/2015\\\/09\\\/FF-recrute.jpg\",\"contentUrl\":\"https:\\\/\\\/www.forcefemmes.com\\\/wp-content\\\/uploads\\\/2015\\\/09\\\/FF-recrute.jpg\",\"width\":1500,\"height\":1162},{\"@type\":\"BreadcrumbList\",\"@id\":\"https:\\\/\\\/www.forcefemmes.com\\\/?p=15686#breadcrumb\",\"itemListElement\":[{\"@type\":\"ListItem\",\"position\":1,\"name\":\"Accueil\",\"item\":\"https:\\\/\\\/www.forcefemmes.com\\\/\"},{\"@type\":\"ListItem\",\"position\":2,\"name\":\"Force Femmes recrute des stagiaires !\"}]},{\"@type\":\"WebSite\",\"@id\":\"https:\\\/\\\/www.forcefemmes.com\\\/#website\",\"url\":\"https:\\\/\\\/www.forcefemmes.com\\\/\",\"name\":\"Force Femmes\",\"description\":\"Agit pour l&#039;emploi des femmes de plus de 45 ans\",\"potentialAction\":[{\"@type\":\"SearchAction\",\"target\":{\"@type\":\"EntryPoint\",\"urlTemplate\":\"https:\\\/\\\/www.forcefemmes.com\\\/?s={search_term_string}\"},\"query-input\":{\"@type\":\"PropertyValueSpecification\",\"valueRequired\":true,\"valueName\":\"search_term_string\"}}],\"inLanguage\":\"fr-FR\"},{\"@type\":\"Person\",\"@id\":\"https:\\\/\\\/www.forcefemmes.com\\\/#\\\/schema\\\/person\\\/5bbda8a197fcdd46d3de8a8adc540d4f\",\"name\":\"info@forcefemmes.com\",\"image\":{\"@type\":\"ImageObject\",\"inLanguage\":\"fr-FR\",\"@id\":\"https:\\\/\\\/secure.gravatar.com\\\/avatar\\\/59a27199a7c59611639f4688250f25c22dd80de380a1c288192b326a850411a4?s=96&d=mm&r=g\",\"url\":\"https:\\\/\\\/secure.gravatar.com\\\/avatar\\\/59a27199a7c59611639f4688250f25c22dd80de380a1c288192b326a850411a4?s=96&d=mm&r=g\",\"contentUrl\":\"https:\\\/\\\/secure.gravatar.com\\\/avatar\\\/59a27199a7c59611639f4688250f25c22dd80de380a1c288192b326a850411a4?s=96&d=mm&r=g\",\"caption\":\"info@forcefemmes.com\"},\"url\":\"https:\\\/\\\/www.forcefemmes.com\\\/?author=1\"}]}<\/script>\n<!-- \/ Yoast SEO Premium plugin. -->","yoast_head_json":{"title":"Force Femmes recrute des stagiaires ! | Force Femmes","robots":{"index":"index","follow":"follow","max-snippet":"max-snippet:-1","max-image-preview":"max-image-preview:large","max-video-preview":"max-video-preview:-1"},"canonical":"https:\/\/www.forcefemmes.com\/?p=15686","og_locale":"fr_FR","og_type":"article","og_title":"Force Femmes recrute des stagiaires !","og_description":"Force Femmes recherche deux stagiaires pour une dur\u00e9e de 6 mois (octobre 2015 \u2013 mars 2016 \/ dates flexibles). &gt;&gt; charg\u00e9(e) de mission D\u00e9veloppement territorial &gt;&gt;\u00a0charg\u00e9(e) de mission Ile-de-France Ces stages regroupent des missions d&rsquo;animation de r\u00e9seau, de soutien sur les \u00e9v\u00e9nements, gestion des b\u00e9n\u00e9ficiaires,...","og_url":"https:\/\/www.forcefemmes.com\/?p=15686","og_site_name":"Force Femmes","article_published_time":"2015-09-15T16:29:08+00:00","article_modified_time":"2024-04-08T15:26:10+00:00","og_image":[{"width":1500,"height":1162,"url":"https:\/\/www.forcefemmes.com\/wp-content\/uploads\/2015\/09\/FF-recrute.jpg","type":"image\/jpeg"}],"author":"info@forcefemmes.com","twitter_card":"summary_large_image","twitter_misc":{"\u00c9crit par":"info@forcefemmes.com","Dur\u00e9e de lecture estim\u00e9e":"1 minute"},"schema":{"@context":"https:\/\/schema.org","@graph":[{"@type":"Article","@id":"https:\/\/www.forcefemmes.com\/?p=15686#article","isPartOf":{"@id":"https:\/\/www.forcefemmes.com\/?p=15686"},"author":{"name":"info@forcefemmes.com","@id":"https:\/\/www.forcefemmes.com\/#\/schema\/person\/5bbda8a197fcdd46d3de8a8adc540d4f"},"headline":"Force Femmes recrute des stagiaires !","datePublished":"2015-09-15T16:29:08+00:00","dateModified":"2024-04-08T15:26:10+00:00","mainEntityOfPage":{"@id":"https:\/\/www.forcefemmes.com\/?p=15686"},"wordCount":113,"commentCount":0,"image":{"@id":"https:\/\/www.forcefemmes.com\/?p=15686#primaryimage"},"thumbnailUrl":"https:\/\/www.forcefemmes.com\/wp-content\/uploads\/2015\/09\/FF-recrute.jpg","articleSection":["Autre"],"inLanguage":"fr-FR","potentialAction":[{"@type":"CommentAction","name":"Comment","target":["https:\/\/www.forcefemmes.com\/?p=15686#respond"]}]},{"@type":"WebPage","@id":"https:\/\/www.forcefemmes.com\/?p=15686","url":"https:\/\/www.forcefemmes.com\/?p=15686","name":"Force Femmes recrute des stagiaires ! | Force Femmes","isPartOf":{"@id":"https:\/\/www.forcefemmes.com\/#website"},"primaryImageOfPage":{"@id":"https:\/\/www.forcefemmes.com\/?p=15686#primaryimage"},"image":{"@id":"https:\/\/www.forcefemmes.com\/?p=15686#primaryimage"},"thumbnailUrl":"https:\/\/www.forcefemmes.com\/wp-content\/uploads\/2015\/09\/FF-recrute.jpg","datePublished":"2015-09-15T16:29:08+00:00","dateModified":"2024-04-08T15:26:10+00:00","author":{"@id":"https:\/\/www.forcefemmes.com\/#\/schema\/person\/5bbda8a197fcdd46d3de8a8adc540d4f"},"breadcrumb":{"@id":"https:\/\/www.forcefemmes.com\/?p=15686#breadcrumb"},"inLanguage":"fr-FR","potentialAction":[{"@type":"ReadAction","target":["https:\/\/www.forcefemmes.com\/?p=15686"]}]},{"@type":"ImageObject","inLanguage":"fr-FR","@id":"https:\/\/www.forcefemmes.com\/?p=15686#primaryimage","url":"https:\/\/www.forcefemmes.com\/wp-content\/uploads\/2015\/09\/FF-recrute.jpg","contentUrl":"https:\/\/www.forcefemmes.com\/wp-content\/uploads\/2015\/09\/FF-recrute.jpg","width":1500,"height":1162},{"@type":"BreadcrumbList","@id":"https:\/\/www.forcefemmes.com\/?p=15686#breadcrumb","itemListElement":[{"@type":"ListItem","position":1,"name":"Accueil","item":"https:\/\/www.forcefemmes.com\/"},{"@type":"ListItem","position":2,"name":"Force Femmes recrute des stagiaires !"}]},{"@type":"WebSite","@id":"https:\/\/www.forcefemmes.com\/#website","url":"https:\/\/www.forcefemmes.com\/","name":"Force Femmes","description":"Agit pour l&#039;emploi des femmes de plus de 45 ans","potentialAction":[{"@type":"SearchAction","target":{"@type":"EntryPoint","urlTemplate":"https:\/\/www.forcefemmes.com\/?s={search_term_string}"},"query-input":{"@type":"PropertyValueSpecification","valueRequired":true,"valueName":"search_term_string"}}],"inLanguage":"fr-FR"},{"@type":"Person","@id":"https:\/\/www.forcefemmes.com\/#\/schema\/person\/5bbda8a197fcdd46d3de8a8adc540d4f","name":"info@forcefemmes.com","image":{"@type":"ImageObject","inLanguage":"fr-FR","@id":"https:\/\/secure.gravatar.com\/avatar\/59a27199a7c59611639f4688250f25c22dd80de380a1c288192b326a850411a4?s=96&d=mm&r=g","url":"https:\/\/secure.gravatar.com\/avatar\/59a27199a7c59611639f4688250f25c22dd80de380a1c288192b326a850411a4?s=96&d=mm&r=g","contentUrl":"https:\/\/secure.gravatar.com\/avatar\/59a27199a7c59611639f4688250f25c22dd80de380a1c288192b326a850411a4?s=96&d=mm&r=g","caption":"info@forcefemmes.com"},"url":"https:\/\/www.forcefemmes.com\/?author=1"}]}},"_links":{"self":[{"href":"https:\/\/www.forcefemmes.com\/index.php?rest_route=\/wp\/v2\/posts\/15686","targetHints":{"allow":["GET"]}}],"collection":[{"href":"https:\/\/www.forcefemmes.com\/index.php?rest_route=\/wp\/v2\/posts"}],"about":[{"href":"https:\/\/www.forcefemmes.com\/index.php?rest_route=\/wp\/v2\/types\/post"}],"author":[{"embeddable":true,"href":"https:\/\/www.forcefemmes.com\/index.php?rest_route=\/wp\/v2\/users\/1"}],"replies":[{"embeddable":true,"href":"https:\/\/www.forcefemmes.com\/index.php?rest_route=%2Fwp%2Fv2%2Fcomments&post=15686"}],"version-history":[{"count":2,"href":"https:\/\/www.forcefemmes.com\/index.php?rest_route=\/wp\/v2\/posts\/15686\/revisions"}],"predecessor-version":[{"id":21703,"href":"https:\/\/www.forcefemmes.com\/index.php?rest_route=\/wp\/v2\/posts\/15686\/revisions\/21703"}],"wp:featuredmedia":[{"embeddable":true,"href":"https:\/\/www.forcefemmes.com\/index.php?rest_route=\/wp\/v2\/media\/15778"}],"wp:attachment":[{"href":"https:\/\/www.forcefemmes.com\/index.php?rest_route=%2Fwp%2Fv2%2Fmedia&parent=15686"}],"wp:term":[{"taxonomy":"category","embeddable":true,"href":"https:\/\/www.forcefemmes.com\/index.php?rest_route=%2Fwp%2Fv2%2Fcategories&post=15686"},{"taxonomy":"post_tag","embeddable":true,"href":"https:\/\/www.forcefemmes.com\/index.php?rest_route=%2Fwp%2Fv2%2Ftags&post=15686"}],"curies":[{"name":"wp","href":"https:\/\/api.w.org\/{rel}","templated":true}]}}