{"id":15726,"date":"2016-07-20T18:55:23","date_gmt":"2016-07-20T16:55:23","guid":{"rendered":"http:\/\/www.forcefemmes.com\/\/?p=15726"},"modified":"2024-04-08T17:21:39","modified_gmt":"2024-04-08T15:21:39","slug":"ouverture-force-femmes-amiens","status":"publish","type":"post","link":"https:\/\/www.forcefemmes.com\/?p=15726","title":{"rendered":"Ouverture Force Femmes Amiens"},"content":{"rendered":"<div class=\"bleuFonce\">\n<div id=\"422\">\n<p><strong>Force Femmes se d\u00e9veloppe et ouvrira sa prochaine antenne \u00e0 Amiens (80) en septembre 2016\u00a0! Celle-ci couvrira tout le d\u00e9partement de la Somme.<\/strong><\/p>\n<p>Une \u00e9quipe de 10 b\u00e9n\u00e9voles, tous issus des ressources humaines ou dirigeants d\u2019entreprise est d\u00e9j\u00e0 mobilis\u00e9e autour de Florence Bonnard, d\u00e9l\u00e9gu\u00e9e d\u2019antenne, pour pouvoir accueillir et accompagner les femmes de plus de 45 ans vers l\u2019emploi ou la cr\u00e9ation de leur activit\u00e9.<\/p>\n<\/div>\n<\/div>\n","protected":false},"excerpt":{"rendered":"<p>Force Femmes se d\u00e9veloppe et ouvrira sa prochaine antenne \u00e0 Amiens (80) en septembre 2016\u00a0! Celle-ci couvrira tout le d\u00e9partement de la Somme. Une \u00e9quipe de 10 b\u00e9n\u00e9voles, tous issus des ressources humaines ou dirigeants d\u2019entreprise est d\u00e9j\u00e0 mobilis\u00e9e autour de Florence Bonnard, d\u00e9l\u00e9gu\u00e9e d\u2019antenne,&#8230;<\/p>\n","protected":false},"author":1,"featured_media":15795,"comment_status":"open","ping_status":"open","sticky":false,"template":"","format":"standard","meta":{"footnotes":""},"categories":[143],"tags":[],"class_list":["post-15726","post","type-post","status-publish","format-standard","has-post-thumbnail","hentry","category-antennes"],"yoast_head":"<!-- This site is optimized with the Yoast SEO Premium plugin v27.0 (Yoast SEO v27.9) - https:\/\/yoast.com\/product\/yoast-seo-premium-wordpress\/ -->\n<title>Ouverture Force Femmes Amiens | Force Femmes<\/title>\n<meta name=\"robots\" content=\"index, follow, max-snippet:-1, max-image-preview:large, max-video-preview:-1\" \/>\n<link rel=\"canonical\" href=\"https:\/\/www.forcefemmes.com\/?p=15726\" \/>\n<meta property=\"og:locale\" content=\"fr_FR\" \/>\n<meta property=\"og:type\" content=\"article\" \/>\n<meta property=\"og:title\" content=\"Ouverture Force Femmes Amiens\" \/>\n<meta property=\"og:description\" content=\"Force Femmes se d\u00e9veloppe et ouvrira sa prochaine antenne \u00e0 Amiens (80) en septembre 2016\u00a0! Celle-ci couvrira tout le d\u00e9partement de la Somme. Une \u00e9quipe de 10 b\u00e9n\u00e9voles, tous issus des ressources humaines ou dirigeants d\u2019entreprise est d\u00e9j\u00e0 mobilis\u00e9e autour de Florence Bonnard, d\u00e9l\u00e9gu\u00e9e d\u2019antenne,...\" \/>\n<meta property=\"og:url\" content=\"https:\/\/www.forcefemmes.com\/?p=15726\" \/>\n<meta property=\"og:site_name\" content=\"Force Femmes\" \/>\n<meta property=\"article:published_time\" content=\"2016-07-20T16:55:23+00:00\" \/>\n<meta property=\"article:modified_time\" content=\"2024-04-08T15:21:39+00:00\" \/>\n<meta property=\"og:image\" content=\"https:\/\/www.forcefemmes.com\/wp-content\/uploads\/2016\/07\/IMG_5225-e1540216091772.jpg\" \/>\n\t<meta property=\"og:image:width\" content=\"1200\" \/>\n\t<meta property=\"og:image:height\" content=\"900\" \/>\n\t<meta property=\"og:image:type\" content=\"image\/jpeg\" \/>\n<meta name=\"author\" content=\"info@forcefemmes.com\" \/>\n<meta name=\"twitter:card\" content=\"summary_large_image\" \/>\n<meta name=\"twitter:label1\" content=\"\u00c9crit par\" \/>\n\t<meta name=\"twitter:data1\" content=\"info@forcefemmes.com\" \/>\n<script type=\"application\/ld+json\" class=\"yoast-schema-graph\">{\"@context\":\"https:\\\/\\\/schema.org\",\"@graph\":[{\"@type\":\"Article\",\"@id\":\"https:\\\/\\\/www.forcefemmes.com\\\/?p=15726#article\",\"isPartOf\":{\"@id\":\"https:\\\/\\\/www.forcefemmes.com\\\/?p=15726\"},\"author\":{\"name\":\"info@forcefemmes.com\",\"@id\":\"https:\\\/\\\/www.forcefemmes.com\\\/#\\\/schema\\\/person\\\/5bbda8a197fcdd46d3de8a8adc540d4f\"},\"headline\":\"Ouverture Force Femmes Amiens\",\"datePublished\":\"2016-07-20T16:55:23+00:00\",\"dateModified\":\"2024-04-08T15:21:39+00:00\",\"mainEntityOfPage\":{\"@id\":\"https:\\\/\\\/www.forcefemmes.com\\\/?p=15726\"},\"wordCount\":77,\"commentCount\":0,\"image\":{\"@id\":\"https:\\\/\\\/www.forcefemmes.com\\\/?p=15726#primaryimage\"},\"thumbnailUrl\":\"https:\\\/\\\/www.forcefemmes.com\\\/wp-content\\\/uploads\\\/2016\\\/07\\\/IMG_5225-e1540216091772.jpg\",\"articleSection\":[\"Antennes\"],\"inLanguage\":\"fr-FR\",\"potentialAction\":[{\"@type\":\"CommentAction\",\"name\":\"Comment\",\"target\":[\"https:\\\/\\\/www.forcefemmes.com\\\/?p=15726#respond\"]}]},{\"@type\":\"WebPage\",\"@id\":\"https:\\\/\\\/www.forcefemmes.com\\\/?p=15726\",\"url\":\"https:\\\/\\\/www.forcefemmes.com\\\/?p=15726\",\"name\":\"Ouverture Force Femmes Amiens | Force Femmes\",\"isPartOf\":{\"@id\":\"https:\\\/\\\/www.forcefemmes.com\\\/#website\"},\"primaryImageOfPage\":{\"@id\":\"https:\\\/\\\/www.forcefemmes.com\\\/?p=15726#primaryimage\"},\"image\":{\"@id\":\"https:\\\/\\\/www.forcefemmes.com\\\/?p=15726#primaryimage\"},\"thumbnailUrl\":\"https:\\\/\\\/www.forcefemmes.com\\\/wp-content\\\/uploads\\\/2016\\\/07\\\/IMG_5225-e1540216091772.jpg\",\"datePublished\":\"2016-07-20T16:55:23+00:00\",\"dateModified\":\"2024-04-08T15:21:39+00:00\",\"author\":{\"@id\":\"https:\\\/\\\/www.forcefemmes.com\\\/#\\\/schema\\\/person\\\/5bbda8a197fcdd46d3de8a8adc540d4f\"},\"breadcrumb\":{\"@id\":\"https:\\\/\\\/www.forcefemmes.com\\\/?p=15726#breadcrumb\"},\"inLanguage\":\"fr-FR\",\"potentialAction\":[{\"@type\":\"ReadAction\",\"target\":[\"https:\\\/\\\/www.forcefemmes.com\\\/?p=15726\"]}]},{\"@type\":\"ImageObject\",\"inLanguage\":\"fr-FR\",\"@id\":\"https:\\\/\\\/www.forcefemmes.com\\\/?p=15726#primaryimage\",\"url\":\"https:\\\/\\\/www.forcefemmes.com\\\/wp-content\\\/uploads\\\/2016\\\/07\\\/IMG_5225-e1540216091772.jpg\",\"contentUrl\":\"https:\\\/\\\/www.forcefemmes.com\\\/wp-content\\\/uploads\\\/2016\\\/07\\\/IMG_5225-e1540216091772.jpg\",\"width\":1200,\"height\":900,\"caption\":\"Force Femmes continue son developpement et ouvre une antenne \u00e0 Amiens\"},{\"@type\":\"BreadcrumbList\",\"@id\":\"https:\\\/\\\/www.forcefemmes.com\\\/?p=15726#breadcrumb\",\"itemListElement\":[{\"@type\":\"ListItem\",\"position\":1,\"name\":\"Accueil\",\"item\":\"https:\\\/\\\/www.forcefemmes.com\\\/\"},{\"@type\":\"ListItem\",\"position\":2,\"name\":\"Ouverture Force Femmes Amiens\"}]},{\"@type\":\"WebSite\",\"@id\":\"https:\\\/\\\/www.forcefemmes.com\\\/#website\",\"url\":\"https:\\\/\\\/www.forcefemmes.com\\\/\",\"name\":\"Force Femmes\",\"description\":\"Agit pour l&#039;emploi des femmes de plus de 45 ans\",\"potentialAction\":[{\"@type\":\"SearchAction\",\"target\":{\"@type\":\"EntryPoint\",\"urlTemplate\":\"https:\\\/\\\/www.forcefemmes.com\\\/?s={search_term_string}\"},\"query-input\":{\"@type\":\"PropertyValueSpecification\",\"valueRequired\":true,\"valueName\":\"search_term_string\"}}],\"inLanguage\":\"fr-FR\"},{\"@type\":\"Person\",\"@id\":\"https:\\\/\\\/www.forcefemmes.com\\\/#\\\/schema\\\/person\\\/5bbda8a197fcdd46d3de8a8adc540d4f\",\"name\":\"info@forcefemmes.com\",\"image\":{\"@type\":\"ImageObject\",\"inLanguage\":\"fr-FR\",\"@id\":\"https:\\\/\\\/secure.gravatar.com\\\/avatar\\\/59a27199a7c59611639f4688250f25c22dd80de380a1c288192b326a850411a4?s=96&d=mm&r=g\",\"url\":\"https:\\\/\\\/secure.gravatar.com\\\/avatar\\\/59a27199a7c59611639f4688250f25c22dd80de380a1c288192b326a850411a4?s=96&d=mm&r=g\",\"contentUrl\":\"https:\\\/\\\/secure.gravatar.com\\\/avatar\\\/59a27199a7c59611639f4688250f25c22dd80de380a1c288192b326a850411a4?s=96&d=mm&r=g\",\"caption\":\"info@forcefemmes.com\"},\"url\":\"https:\\\/\\\/www.forcefemmes.com\\\/?author=1\"}]}<\/script>\n<!-- \/ Yoast SEO Premium plugin. -->","yoast_head_json":{"title":"Ouverture Force Femmes Amiens | Force Femmes","robots":{"index":"index","follow":"follow","max-snippet":"max-snippet:-1","max-image-preview":"max-image-preview:large","max-video-preview":"max-video-preview:-1"},"canonical":"https:\/\/www.forcefemmes.com\/?p=15726","og_locale":"fr_FR","og_type":"article","og_title":"Ouverture Force Femmes Amiens","og_description":"Force Femmes se d\u00e9veloppe et ouvrira sa prochaine antenne \u00e0 Amiens (80) en septembre 2016\u00a0! Celle-ci couvrira tout le d\u00e9partement de la Somme. Une \u00e9quipe de 10 b\u00e9n\u00e9voles, tous issus des ressources humaines ou dirigeants d\u2019entreprise est d\u00e9j\u00e0 mobilis\u00e9e autour de Florence Bonnard, d\u00e9l\u00e9gu\u00e9e d\u2019antenne,...","og_url":"https:\/\/www.forcefemmes.com\/?p=15726","og_site_name":"Force Femmes","article_published_time":"2016-07-20T16:55:23+00:00","article_modified_time":"2024-04-08T15:21:39+00:00","og_image":[{"width":1200,"height":900,"url":"https:\/\/www.forcefemmes.com\/wp-content\/uploads\/2016\/07\/IMG_5225-e1540216091772.jpg","type":"image\/jpeg"}],"author":"info@forcefemmes.com","twitter_card":"summary_large_image","twitter_misc":{"\u00c9crit par":"info@forcefemmes.com"},"schema":{"@context":"https:\/\/schema.org","@graph":[{"@type":"Article","@id":"https:\/\/www.forcefemmes.com\/?p=15726#article","isPartOf":{"@id":"https:\/\/www.forcefemmes.com\/?p=15726"},"author":{"name":"info@forcefemmes.com","@id":"https:\/\/www.forcefemmes.com\/#\/schema\/person\/5bbda8a197fcdd46d3de8a8adc540d4f"},"headline":"Ouverture Force Femmes Amiens","datePublished":"2016-07-20T16:55:23+00:00","dateModified":"2024-04-08T15:21:39+00:00","mainEntityOfPage":{"@id":"https:\/\/www.forcefemmes.com\/?p=15726"},"wordCount":77,"commentCount":0,"image":{"@id":"https:\/\/www.forcefemmes.com\/?p=15726#primaryimage"},"thumbnailUrl":"https:\/\/www.forcefemmes.com\/wp-content\/uploads\/2016\/07\/IMG_5225-e1540216091772.jpg","articleSection":["Antennes"],"inLanguage":"fr-FR","potentialAction":[{"@type":"CommentAction","name":"Comment","target":["https:\/\/www.forcefemmes.com\/?p=15726#respond"]}]},{"@type":"WebPage","@id":"https:\/\/www.forcefemmes.com\/?p=15726","url":"https:\/\/www.forcefemmes.com\/?p=15726","name":"Ouverture Force Femmes Amiens | Force Femmes","isPartOf":{"@id":"https:\/\/www.forcefemmes.com\/#website"},"primaryImageOfPage":{"@id":"https:\/\/www.forcefemmes.com\/?p=15726#primaryimage"},"image":{"@id":"https:\/\/www.forcefemmes.com\/?p=15726#primaryimage"},"thumbnailUrl":"https:\/\/www.forcefemmes.com\/wp-content\/uploads\/2016\/07\/IMG_5225-e1540216091772.jpg","datePublished":"2016-07-20T16:55:23+00:00","dateModified":"2024-04-08T15:21:39+00:00","author":{"@id":"https:\/\/www.forcefemmes.com\/#\/schema\/person\/5bbda8a197fcdd46d3de8a8adc540d4f"},"breadcrumb":{"@id":"https:\/\/www.forcefemmes.com\/?p=15726#breadcrumb"},"inLanguage":"fr-FR","potentialAction":[{"@type":"ReadAction","target":["https:\/\/www.forcefemmes.com\/?p=15726"]}]},{"@type":"ImageObject","inLanguage":"fr-FR","@id":"https:\/\/www.forcefemmes.com\/?p=15726#primaryimage","url":"https:\/\/www.forcefemmes.com\/wp-content\/uploads\/2016\/07\/IMG_5225-e1540216091772.jpg","contentUrl":"https:\/\/www.forcefemmes.com\/wp-content\/uploads\/2016\/07\/IMG_5225-e1540216091772.jpg","width":1200,"height":900,"caption":"Force Femmes continue son developpement et ouvre une antenne \u00e0 Amiens"},{"@type":"BreadcrumbList","@id":"https:\/\/www.forcefemmes.com\/?p=15726#breadcrumb","itemListElement":[{"@type":"ListItem","position":1,"name":"Accueil","item":"https:\/\/www.forcefemmes.com\/"},{"@type":"ListItem","position":2,"name":"Ouverture Force Femmes Amiens"}]},{"@type":"WebSite","@id":"https:\/\/www.forcefemmes.com\/#website","url":"https:\/\/www.forcefemmes.com\/","name":"Force Femmes","description":"Agit pour l&#039;emploi des femmes de plus de 45 ans","potentialAction":[{"@type":"SearchAction","target":{"@type":"EntryPoint","urlTemplate":"https:\/\/www.forcefemmes.com\/?s={search_term_string}"},"query-input":{"@type":"PropertyValueSpecification","valueRequired":true,"valueName":"search_term_string"}}],"inLanguage":"fr-FR"},{"@type":"Person","@id":"https:\/\/www.forcefemmes.com\/#\/schema\/person\/5bbda8a197fcdd46d3de8a8adc540d4f","name":"info@forcefemmes.com","image":{"@type":"ImageObject","inLanguage":"fr-FR","@id":"https:\/\/secure.gravatar.com\/avatar\/59a27199a7c59611639f4688250f25c22dd80de380a1c288192b326a850411a4?s=96&d=mm&r=g","url":"https:\/\/secure.gravatar.com\/avatar\/59a27199a7c59611639f4688250f25c22dd80de380a1c288192b326a850411a4?s=96&d=mm&r=g","contentUrl":"https:\/\/secure.gravatar.com\/avatar\/59a27199a7c59611639f4688250f25c22dd80de380a1c288192b326a850411a4?s=96&d=mm&r=g","caption":"info@forcefemmes.com"},"url":"https:\/\/www.forcefemmes.com\/?author=1"}]}},"_links":{"self":[{"href":"https:\/\/www.forcefemmes.com\/index.php?rest_route=\/wp\/v2\/posts\/15726","targetHints":{"allow":["GET"]}}],"collection":[{"href":"https:\/\/www.forcefemmes.com\/index.php?rest_route=\/wp\/v2\/posts"}],"about":[{"href":"https:\/\/www.forcefemmes.com\/index.php?rest_route=\/wp\/v2\/types\/post"}],"author":[{"embeddable":true,"href":"https:\/\/www.forcefemmes.com\/index.php?rest_route=\/wp\/v2\/users\/1"}],"replies":[{"embeddable":true,"href":"https:\/\/www.forcefemmes.com\/index.php?rest_route=%2Fwp%2Fv2%2Fcomments&post=15726"}],"version-history":[{"count":1,"href":"https:\/\/www.forcefemmes.com\/index.php?rest_route=\/wp\/v2\/posts\/15726\/revisions"}],"predecessor-version":[{"id":15727,"href":"https:\/\/www.forcefemmes.com\/index.php?rest_route=\/wp\/v2\/posts\/15726\/revisions\/15727"}],"wp:featuredmedia":[{"embeddable":true,"href":"https:\/\/www.forcefemmes.com\/index.php?rest_route=\/wp\/v2\/media\/15795"}],"wp:attachment":[{"href":"https:\/\/www.forcefemmes.com\/index.php?rest_route=%2Fwp%2Fv2%2Fmedia&parent=15726"}],"wp:term":[{"taxonomy":"category","embeddable":true,"href":"https:\/\/www.forcefemmes.com\/index.php?rest_route=%2Fwp%2Fv2%2Fcategories&post=15726"},{"taxonomy":"post_tag","embeddable":true,"href":"https:\/\/www.forcefemmes.com\/index.php?rest_route=%2Fwp%2Fv2%2Ftags&post=15726"}],"curies":[{"name":"wp","href":"https:\/\/api.w.org\/{rel}","templated":true}]}}