{"id":16163,"date":"2017-03-10T12:30:00","date_gmt":"2017-03-10T11:30:00","guid":{"rendered":"http:\/\/www.forcefemmes.com\/\/?p=16163"},"modified":"2024-04-08T17:20:09","modified_gmt":"2024-04-08T15:20:09","slug":"inauguration-de-force-femmes-a-amiens","status":"publish","type":"post","link":"https:\/\/www.forcefemmes.com\/?p=16163","title":{"rendered":"Inauguration de Force Femmes \u00e0 Amiens"},"content":{"rendered":"<h6><strong>Inaugur\u00e9e en pr\u00e9sence de V\u00e9ronique Saubot, pr\u00e9sidente de Force Femmes, Florence Bonnard, D\u00e9l\u00e9gu\u00e9e d\u2019antenne et Nathalie Lavallard, adjointe au Maire d\u2019Amiens, l\u2019antenne ami\u00e9noise de Force Femmes a r\u00e9uni quelques 80 invit\u00e9s : l&rsquo;\u00e9quipe de b\u00e9n\u00e9voles, les femmes accompagn\u00e9es et les entreprises soutiens de l\u2019association parmi lesquels Bank of America Merrill Lynch, partenaire de l&rsquo;inauguration.<\/strong><\/h6>\n<h6><strong>Accueillis au domaine de\u00a0la Roseraie (Sains-en-Ami\u00e9nois) par Christine Lecomte, cr\u00e9atrice accompagn\u00e9e par l&rsquo;association, les invit\u00e9s ont pu \u00e9changer autour du lancement de la onzi\u00e8me antenne de l&rsquo;association.<\/strong><\/h6>\n<p>\u00ab\u00a0<em>C&rsquo;est un v\u00e9ritable honneur et une vraie joie pour moi de vous voir r\u00e9unis si nombreuses et nombreux autour de cette belle cause qu&rsquo;est l&#8217;emploi des femmes\u00a0 de plus de 45 ans.\u00a0J&rsquo;ai toujours \u00e9t\u00e9 profond\u00e9ment touch\u00e9e par la difficult\u00e9 qu&rsquo;elles peuvent rencontrer pour se r\u00e9ins\u00e9rer dans le monde professionnel, et cela en tant que femme, senior, DRH, coach et citoyenne. D&rsquo;abord parce que je l&rsquo;ai \u00e9t\u00e9 moi-m\u00eame, sur le bord de la route professionnelle et j&rsquo;aurais tant aim\u00e9 qu&rsquo;une structure comme Force Femmes me soutienne, m&rsquo;accompagne, m&rsquo;entra\u00eene, me coache dans ces moments d&rsquo;isolement et de solitude sociale. Oui un m\u00e9tier c&rsquo;est une autonomie financi\u00e8re mais c&rsquo;est aussi un attribut de socialisation<\/em>\u00a0\u00bb se f\u00e9licite\u00a0Florence Bonnard, D\u00e9l\u00e9gu\u00e9e d&rsquo;antenne de Force Femmes Amiens.<\/p>\n<p>\u00ab\u00a0<em>Gr\u00e2ce \u00e0 un r\u00e9seau de b\u00e9n\u00e9voles experts et \u00e0 notre \u00e9nergie collective si positive, de plus en plus de femmes retrouvent la voie de l&rsquo;activit\u00e9 professionnelle. Ouvrir une antenne \u00e0 Amiens est une formidable illustration de notre plan de d\u00e9veloppement territorial\u00a0!\u00a0<\/em>\u00bb a d\u00e9clar\u00e9 V\u00e9ronique Saubot, Pr\u00e9sidente\u00a0de Force Femmes.<\/p>\n<p>\u00ab\u00a0<em>Si je suis devant vous aujourd\u2019hui\u00a0[&#8230;] c\u2019est pour saluer votre d\u00e9marche de soutien aux femmes de plus de 45 ans, cet \u00e2ge o\u00f9 les difficult\u00e9s que je viens de souligner ont tendance \u00e0 s\u2019additionner et qui correspond aussi \u00e0 une n\u00e9cessit\u00e9 plus criante de trouver rapidement un emploi.\u00a0Je suis convaincue que c\u2019est de l\u2019union de vos convictions et de votre engagement solidaire que Force\u00a0Femmes d\u00e9montre sa pertinence et son efficacit\u00e9.\u00a0<\/em><em>Il est heureux que votre association par vos forces r\u00e9unies aplanisse les difficult\u00e9s et que la solidarit\u00e9 f\u00e9minine la dirige \u00e0 nouveau vers l\u2019emploi.<\/em>\u00a0\u00bb a d\u00e9clar\u00e9\u00a0Nathalie Lavallard, adjointe au Maire d\u2019Amiens.<\/p>\n<p><strong><a href=\"http:\/\/p55j.mj.am\/lnk\/AEsAAFeOH-oAASaxZGgAAAAAF_cAAAAAAAIAF_zgAAN3bQBYvTZK-QfKZ7CvTjW0IUzkK04HYQADUe4\/3\/QVcKD8WU1vNvL8YAE6iYOg\/aHR0cHM6Ly9nb28uZ2wvcGhvdG9zL1U2RmQxRlBLb0M4UU12eGY2\" target=\"_blank\" rel=\"noopener\">Visualiser les photos<\/a><\/strong><\/p>\n","protected":false},"excerpt":{"rendered":"<p>Inaugur\u00e9e en pr\u00e9sence de V\u00e9ronique Saubot, pr\u00e9sidente de Force Femmes, Florence Bonnard, D\u00e9l\u00e9gu\u00e9e d\u2019antenne et Nathalie Lavallard, adjointe au Maire d\u2019Amiens, l\u2019antenne ami\u00e9noise de Force Femmes a r\u00e9uni quelques 80 invit\u00e9s : l&rsquo;\u00e9quipe de b\u00e9n\u00e9voles, les femmes accompagn\u00e9es et les entreprises soutiens de l\u2019association parmi&#8230;<\/p>\n","protected":false},"author":1,"featured_media":16164,"comment_status":"open","ping_status":"open","sticky":false,"template":"","format":"standard","meta":{"footnotes":""},"categories":[143],"tags":[],"class_list":["post-16163","post","type-post","status-publish","format-standard","has-post-thumbnail","hentry","category-antennes"],"yoast_head":"<!-- This site is optimized with the Yoast SEO Premium plugin v27.0 (Yoast SEO v27.9) - https:\/\/yoast.com\/product\/yoast-seo-premium-wordpress\/ -->\n<title>Inauguration de Force Femmes \u00e0 Amiens | Force Femmes<\/title>\n<meta name=\"robots\" content=\"index, follow, max-snippet:-1, max-image-preview:large, max-video-preview:-1\" \/>\n<link rel=\"canonical\" href=\"https:\/\/www.forcefemmes.com\/?p=16163\" \/>\n<meta property=\"og:locale\" content=\"fr_FR\" \/>\n<meta property=\"og:type\" content=\"article\" \/>\n<meta property=\"og:title\" content=\"Inauguration de Force Femmes \u00e0 Amiens\" \/>\n<meta property=\"og:description\" content=\"Inaugur\u00e9e en pr\u00e9sence de V\u00e9ronique Saubot, pr\u00e9sidente de Force Femmes, Florence Bonnard, D\u00e9l\u00e9gu\u00e9e d\u2019antenne et Nathalie Lavallard, adjointe au Maire d\u2019Amiens, l\u2019antenne ami\u00e9noise de Force Femmes a r\u00e9uni quelques 80 invit\u00e9s : l&rsquo;\u00e9quipe de b\u00e9n\u00e9voles, les femmes accompagn\u00e9es et les entreprises soutiens de l\u2019association parmi...\" \/>\n<meta property=\"og:url\" content=\"https:\/\/www.forcefemmes.com\/?p=16163\" \/>\n<meta property=\"og:site_name\" content=\"Force Femmes\" \/>\n<meta property=\"article:published_time\" content=\"2017-03-10T11:30:00+00:00\" \/>\n<meta property=\"article:modified_time\" content=\"2024-04-08T15:20:09+00:00\" \/>\n<meta property=\"og:image\" content=\"https:\/\/www.forcefemmes.com\/wp-content\/uploads\/2018\/11\/FF-Amiens.jpg\" \/>\n\t<meta property=\"og:image:width\" content=\"800\" \/>\n\t<meta property=\"og:image:height\" content=\"533\" \/>\n\t<meta property=\"og:image:type\" content=\"image\/jpeg\" \/>\n<meta name=\"author\" content=\"info@forcefemmes.com\" \/>\n<meta name=\"twitter:card\" content=\"summary_large_image\" \/>\n<meta name=\"twitter:label1\" content=\"\u00c9crit par\" \/>\n\t<meta name=\"twitter:data1\" content=\"info@forcefemmes.com\" \/>\n\t<meta name=\"twitter:label2\" content=\"Dur\u00e9e de lecture estim\u00e9e\" \/>\n\t<meta name=\"twitter:data2\" content=\"2 minutes\" \/>\n<script type=\"application\/ld+json\" class=\"yoast-schema-graph\">{\"@context\":\"https:\\\/\\\/schema.org\",\"@graph\":[{\"@type\":\"Article\",\"@id\":\"https:\\\/\\\/www.forcefemmes.com\\\/?p=16163#article\",\"isPartOf\":{\"@id\":\"https:\\\/\\\/www.forcefemmes.com\\\/?p=16163\"},\"author\":{\"name\":\"info@forcefemmes.com\",\"@id\":\"https:\\\/\\\/www.forcefemmes.com\\\/#\\\/schema\\\/person\\\/5bbda8a197fcdd46d3de8a8adc540d4f\"},\"headline\":\"Inauguration de Force Femmes \u00e0 Amiens\",\"datePublished\":\"2017-03-10T11:30:00+00:00\",\"dateModified\":\"2024-04-08T15:20:09+00:00\",\"mainEntityOfPage\":{\"@id\":\"https:\\\/\\\/www.forcefemmes.com\\\/?p=16163\"},\"wordCount\":434,\"commentCount\":0,\"image\":{\"@id\":\"https:\\\/\\\/www.forcefemmes.com\\\/?p=16163#primaryimage\"},\"thumbnailUrl\":\"https:\\\/\\\/www.forcefemmes.com\\\/wp-content\\\/uploads\\\/2018\\\/11\\\/FF-Amiens.jpg\",\"articleSection\":[\"Antennes\"],\"inLanguage\":\"fr-FR\",\"potentialAction\":[{\"@type\":\"CommentAction\",\"name\":\"Comment\",\"target\":[\"https:\\\/\\\/www.forcefemmes.com\\\/?p=16163#respond\"]}]},{\"@type\":\"WebPage\",\"@id\":\"https:\\\/\\\/www.forcefemmes.com\\\/?p=16163\",\"url\":\"https:\\\/\\\/www.forcefemmes.com\\\/?p=16163\",\"name\":\"Inauguration de Force Femmes \u00e0 Amiens | Force Femmes\",\"isPartOf\":{\"@id\":\"https:\\\/\\\/www.forcefemmes.com\\\/#website\"},\"primaryImageOfPage\":{\"@id\":\"https:\\\/\\\/www.forcefemmes.com\\\/?p=16163#primaryimage\"},\"image\":{\"@id\":\"https:\\\/\\\/www.forcefemmes.com\\\/?p=16163#primaryimage\"},\"thumbnailUrl\":\"https:\\\/\\\/www.forcefemmes.com\\\/wp-content\\\/uploads\\\/2018\\\/11\\\/FF-Amiens.jpg\",\"datePublished\":\"2017-03-10T11:30:00+00:00\",\"dateModified\":\"2024-04-08T15:20:09+00:00\",\"author\":{\"@id\":\"https:\\\/\\\/www.forcefemmes.com\\\/#\\\/schema\\\/person\\\/5bbda8a197fcdd46d3de8a8adc540d4f\"},\"breadcrumb\":{\"@id\":\"https:\\\/\\\/www.forcefemmes.com\\\/?p=16163#breadcrumb\"},\"inLanguage\":\"fr-FR\",\"potentialAction\":[{\"@type\":\"ReadAction\",\"target\":[\"https:\\\/\\\/www.forcefemmes.com\\\/?p=16163\"]}]},{\"@type\":\"ImageObject\",\"inLanguage\":\"fr-FR\",\"@id\":\"https:\\\/\\\/www.forcefemmes.com\\\/?p=16163#primaryimage\",\"url\":\"https:\\\/\\\/www.forcefemmes.com\\\/wp-content\\\/uploads\\\/2018\\\/11\\\/FF-Amiens.jpg\",\"contentUrl\":\"https:\\\/\\\/www.forcefemmes.com\\\/wp-content\\\/uploads\\\/2018\\\/11\\\/FF-Amiens.jpg\",\"width\":800,\"height\":533},{\"@type\":\"BreadcrumbList\",\"@id\":\"https:\\\/\\\/www.forcefemmes.com\\\/?p=16163#breadcrumb\",\"itemListElement\":[{\"@type\":\"ListItem\",\"position\":1,\"name\":\"Accueil\",\"item\":\"https:\\\/\\\/www.forcefemmes.com\\\/\"},{\"@type\":\"ListItem\",\"position\":2,\"name\":\"Inauguration de Force Femmes \u00e0 Amiens\"}]},{\"@type\":\"WebSite\",\"@id\":\"https:\\\/\\\/www.forcefemmes.com\\\/#website\",\"url\":\"https:\\\/\\\/www.forcefemmes.com\\\/\",\"name\":\"Force Femmes\",\"description\":\"Agit pour l&#039;emploi des femmes de plus de 45 ans\",\"potentialAction\":[{\"@type\":\"SearchAction\",\"target\":{\"@type\":\"EntryPoint\",\"urlTemplate\":\"https:\\\/\\\/www.forcefemmes.com\\\/?s={search_term_string}\"},\"query-input\":{\"@type\":\"PropertyValueSpecification\",\"valueRequired\":true,\"valueName\":\"search_term_string\"}}],\"inLanguage\":\"fr-FR\"},{\"@type\":\"Person\",\"@id\":\"https:\\\/\\\/www.forcefemmes.com\\\/#\\\/schema\\\/person\\\/5bbda8a197fcdd46d3de8a8adc540d4f\",\"name\":\"info@forcefemmes.com\",\"image\":{\"@type\":\"ImageObject\",\"inLanguage\":\"fr-FR\",\"@id\":\"https:\\\/\\\/secure.gravatar.com\\\/avatar\\\/59a27199a7c59611639f4688250f25c22dd80de380a1c288192b326a850411a4?s=96&d=mm&r=g\",\"url\":\"https:\\\/\\\/secure.gravatar.com\\\/avatar\\\/59a27199a7c59611639f4688250f25c22dd80de380a1c288192b326a850411a4?s=96&d=mm&r=g\",\"contentUrl\":\"https:\\\/\\\/secure.gravatar.com\\\/avatar\\\/59a27199a7c59611639f4688250f25c22dd80de380a1c288192b326a850411a4?s=96&d=mm&r=g\",\"caption\":\"info@forcefemmes.com\"},\"url\":\"https:\\\/\\\/www.forcefemmes.com\\\/?author=1\"}]}<\/script>\n<!-- \/ Yoast SEO Premium plugin. -->","yoast_head_json":{"title":"Inauguration de Force Femmes \u00e0 Amiens | Force Femmes","robots":{"index":"index","follow":"follow","max-snippet":"max-snippet:-1","max-image-preview":"max-image-preview:large","max-video-preview":"max-video-preview:-1"},"canonical":"https:\/\/www.forcefemmes.com\/?p=16163","og_locale":"fr_FR","og_type":"article","og_title":"Inauguration de Force Femmes \u00e0 Amiens","og_description":"Inaugur\u00e9e en pr\u00e9sence de V\u00e9ronique Saubot, pr\u00e9sidente de Force Femmes, Florence Bonnard, D\u00e9l\u00e9gu\u00e9e d\u2019antenne et Nathalie Lavallard, adjointe au Maire d\u2019Amiens, l\u2019antenne ami\u00e9noise de Force Femmes a r\u00e9uni quelques 80 invit\u00e9s : l&rsquo;\u00e9quipe de b\u00e9n\u00e9voles, les femmes accompagn\u00e9es et les entreprises soutiens de l\u2019association parmi...","og_url":"https:\/\/www.forcefemmes.com\/?p=16163","og_site_name":"Force Femmes","article_published_time":"2017-03-10T11:30:00+00:00","article_modified_time":"2024-04-08T15:20:09+00:00","og_image":[{"width":800,"height":533,"url":"https:\/\/www.forcefemmes.com\/wp-content\/uploads\/2018\/11\/FF-Amiens.jpg","type":"image\/jpeg"}],"author":"info@forcefemmes.com","twitter_card":"summary_large_image","twitter_misc":{"\u00c9crit par":"info@forcefemmes.com","Dur\u00e9e de lecture estim\u00e9e":"2 minutes"},"schema":{"@context":"https:\/\/schema.org","@graph":[{"@type":"Article","@id":"https:\/\/www.forcefemmes.com\/?p=16163#article","isPartOf":{"@id":"https:\/\/www.forcefemmes.com\/?p=16163"},"author":{"name":"info@forcefemmes.com","@id":"https:\/\/www.forcefemmes.com\/#\/schema\/person\/5bbda8a197fcdd46d3de8a8adc540d4f"},"headline":"Inauguration de Force Femmes \u00e0 Amiens","datePublished":"2017-03-10T11:30:00+00:00","dateModified":"2024-04-08T15:20:09+00:00","mainEntityOfPage":{"@id":"https:\/\/www.forcefemmes.com\/?p=16163"},"wordCount":434,"commentCount":0,"image":{"@id":"https:\/\/www.forcefemmes.com\/?p=16163#primaryimage"},"thumbnailUrl":"https:\/\/www.forcefemmes.com\/wp-content\/uploads\/2018\/11\/FF-Amiens.jpg","articleSection":["Antennes"],"inLanguage":"fr-FR","potentialAction":[{"@type":"CommentAction","name":"Comment","target":["https:\/\/www.forcefemmes.com\/?p=16163#respond"]}]},{"@type":"WebPage","@id":"https:\/\/www.forcefemmes.com\/?p=16163","url":"https:\/\/www.forcefemmes.com\/?p=16163","name":"Inauguration de Force Femmes \u00e0 Amiens | Force Femmes","isPartOf":{"@id":"https:\/\/www.forcefemmes.com\/#website"},"primaryImageOfPage":{"@id":"https:\/\/www.forcefemmes.com\/?p=16163#primaryimage"},"image":{"@id":"https:\/\/www.forcefemmes.com\/?p=16163#primaryimage"},"thumbnailUrl":"https:\/\/www.forcefemmes.com\/wp-content\/uploads\/2018\/11\/FF-Amiens.jpg","datePublished":"2017-03-10T11:30:00+00:00","dateModified":"2024-04-08T15:20:09+00:00","author":{"@id":"https:\/\/www.forcefemmes.com\/#\/schema\/person\/5bbda8a197fcdd46d3de8a8adc540d4f"},"breadcrumb":{"@id":"https:\/\/www.forcefemmes.com\/?p=16163#breadcrumb"},"inLanguage":"fr-FR","potentialAction":[{"@type":"ReadAction","target":["https:\/\/www.forcefemmes.com\/?p=16163"]}]},{"@type":"ImageObject","inLanguage":"fr-FR","@id":"https:\/\/www.forcefemmes.com\/?p=16163#primaryimage","url":"https:\/\/www.forcefemmes.com\/wp-content\/uploads\/2018\/11\/FF-Amiens.jpg","contentUrl":"https:\/\/www.forcefemmes.com\/wp-content\/uploads\/2018\/11\/FF-Amiens.jpg","width":800,"height":533},{"@type":"BreadcrumbList","@id":"https:\/\/www.forcefemmes.com\/?p=16163#breadcrumb","itemListElement":[{"@type":"ListItem","position":1,"name":"Accueil","item":"https:\/\/www.forcefemmes.com\/"},{"@type":"ListItem","position":2,"name":"Inauguration de Force Femmes \u00e0 Amiens"}]},{"@type":"WebSite","@id":"https:\/\/www.forcefemmes.com\/#website","url":"https:\/\/www.forcefemmes.com\/","name":"Force Femmes","description":"Agit pour l&#039;emploi des femmes de plus de 45 ans","potentialAction":[{"@type":"SearchAction","target":{"@type":"EntryPoint","urlTemplate":"https:\/\/www.forcefemmes.com\/?s={search_term_string}"},"query-input":{"@type":"PropertyValueSpecification","valueRequired":true,"valueName":"search_term_string"}}],"inLanguage":"fr-FR"},{"@type":"Person","@id":"https:\/\/www.forcefemmes.com\/#\/schema\/person\/5bbda8a197fcdd46d3de8a8adc540d4f","name":"info@forcefemmes.com","image":{"@type":"ImageObject","inLanguage":"fr-FR","@id":"https:\/\/secure.gravatar.com\/avatar\/59a27199a7c59611639f4688250f25c22dd80de380a1c288192b326a850411a4?s=96&d=mm&r=g","url":"https:\/\/secure.gravatar.com\/avatar\/59a27199a7c59611639f4688250f25c22dd80de380a1c288192b326a850411a4?s=96&d=mm&r=g","contentUrl":"https:\/\/secure.gravatar.com\/avatar\/59a27199a7c59611639f4688250f25c22dd80de380a1c288192b326a850411a4?s=96&d=mm&r=g","caption":"info@forcefemmes.com"},"url":"https:\/\/www.forcefemmes.com\/?author=1"}]}},"_links":{"self":[{"href":"https:\/\/www.forcefemmes.com\/index.php?rest_route=\/wp\/v2\/posts\/16163","targetHints":{"allow":["GET"]}}],"collection":[{"href":"https:\/\/www.forcefemmes.com\/index.php?rest_route=\/wp\/v2\/posts"}],"about":[{"href":"https:\/\/www.forcefemmes.com\/index.php?rest_route=\/wp\/v2\/types\/post"}],"author":[{"embeddable":true,"href":"https:\/\/www.forcefemmes.com\/index.php?rest_route=\/wp\/v2\/users\/1"}],"replies":[{"embeddable":true,"href":"https:\/\/www.forcefemmes.com\/index.php?rest_route=%2Fwp%2Fv2%2Fcomments&post=16163"}],"version-history":[{"count":1,"href":"https:\/\/www.forcefemmes.com\/index.php?rest_route=\/wp\/v2\/posts\/16163\/revisions"}],"predecessor-version":[{"id":16165,"href":"https:\/\/www.forcefemmes.com\/index.php?rest_route=\/wp\/v2\/posts\/16163\/revisions\/16165"}],"wp:featuredmedia":[{"embeddable":true,"href":"https:\/\/www.forcefemmes.com\/index.php?rest_route=\/wp\/v2\/media\/16164"}],"wp:attachment":[{"href":"https:\/\/www.forcefemmes.com\/index.php?rest_route=%2Fwp%2Fv2%2Fmedia&parent=16163"}],"wp:term":[{"taxonomy":"category","embeddable":true,"href":"https:\/\/www.forcefemmes.com\/index.php?rest_route=%2Fwp%2Fv2%2Fcategories&post=16163"},{"taxonomy":"post_tag","embeddable":true,"href":"https:\/\/www.forcefemmes.com\/index.php?rest_route=%2Fwp%2Fv2%2Ftags&post=16163"}],"curies":[{"name":"wp","href":"https:\/\/api.w.org\/{rel}","templated":true}]}}