{"id":18225,"date":"2019-06-21T09:58:37","date_gmt":"2019-06-21T07:58:37","guid":{"rendered":"http:\/\/www.forcefemmes.com\/?p=18225"},"modified":"2024-04-04T15:28:26","modified_gmt":"2024-04-04T13:28:26","slug":"retours-sur-le-forum-des-entrepreneuses","status":"publish","type":"post","link":"https:\/\/www.forcefemmes.com\/?p=18225","title":{"rendered":"Retours sur le Forum des Entrepreneuses"},"content":{"rendered":"<h1>Le 18 juin s&rsquo;est d\u00e9roul\u00e9 le Forum des Entrepreneuses, organis\u00e9 par Force Femmes.<\/h1>\n<h6 style=\"text-align: justify;\"><span style=\"color: #000000;\">Plus de 450 femmes sont venues au Forum des Entrepreneuses organis\u00e9 par Force Femmes mardi afin de rencontrer les acteurs de l&rsquo;entrepreneuriat f\u00e9minin. R\u00e9seaux f\u00e9mininx, structures d&rsquo;accompagnement, aides au financement&#8230; Une vingtaine de partenaires \u00e9taient pr\u00e9sents pour r\u00e9pondre aux questions des femmes et les conseiller dans leur projet. Une journ\u00e9e riche en \u00e9changes et en rencontres pour tous.<\/span><\/h6>\n<h6 style=\"text-align: justify;\"><span style=\"color: #000000;\">Cet \u00e9v\u00e9nement a \u00e9t\u00e9 organis\u00e9 avec le soutien de Diadermine, et signe le d\u00e9but de notre partenariat qui devrait s&rsquo;ouvrir sur de nouvelles actions comme le m\u00e9c\u00e9nat de comp\u00e9tences.<\/span><\/h6>\n<p><img fetchpriority=\"high\" decoding=\"async\" class=\"alignleft wp-image-18227\" src=\"https:\/\/www.forcefemmes.com\/wp-content\/uploads\/2019\/06\/Photo-1024x768.jpg\" alt=\"\" width=\"533\" height=\"400\" srcset=\"https:\/\/www.forcefemmes.com\/wp-content\/uploads\/2019\/06\/Photo-1024x768.jpg 1024w, https:\/\/www.forcefemmes.com\/wp-content\/uploads\/2019\/06\/Photo-300x225.jpg 300w, https:\/\/www.forcefemmes.com\/wp-content\/uploads\/2019\/06\/Photo-768x576.jpg 768w, https:\/\/www.forcefemmes.com\/wp-content\/uploads\/2019\/06\/Photo-800x600.jpg 800w, https:\/\/www.forcefemmes.com\/wp-content\/uploads\/2019\/06\/Photo-700x525.jpg 700w\" sizes=\"(max-width: 533px) 100vw, 533px\" \/><img decoding=\"async\" class=\"alignleft wp-image-18207\" src=\"https:\/\/www.forcefemmes.com\/wp-content\/uploads\/2019\/05\/Affiche-Forum-.jpg\" alt=\"\" width=\"283\" height=\"400\" srcset=\"https:\/\/www.forcefemmes.com\/wp-content\/uploads\/2019\/05\/Affiche-Forum-.jpg 595w, https:\/\/www.forcefemmes.com\/wp-content\/uploads\/2019\/05\/Affiche-Forum--212x300.jpg 212w\" sizes=\"(max-width: 283px) 100vw, 283px\" \/><\/p>\n","protected":false},"excerpt":{"rendered":"<p>Le 18 juin s&rsquo;est d\u00e9roul\u00e9 le Forum des Entrepreneuses, organis\u00e9 par Force Femmes. Plus de 450 femmes sont venues au Forum des Entrepreneuses organis\u00e9 par Force Femmes mardi afin de rencontrer les acteurs de l&rsquo;entrepreneuriat f\u00e9minin. R\u00e9seaux f\u00e9mininx, structures d&rsquo;accompagnement, aides au financement&#8230; Une vingtaine&#8230;<\/p>\n","protected":false},"author":1,"featured_media":18227,"comment_status":"closed","ping_status":"closed","sticky":false,"template":"","format":"standard","meta":{"footnotes":""},"categories":[126],"tags":[],"class_list":["post-18225","post","type-post","status-publish","format-standard","has-post-thumbnail","hentry","category-creation-dentreprise"],"yoast_head":"<!-- This site is optimized with the Yoast SEO Premium plugin v27.0 (Yoast SEO v27.9) - https:\/\/yoast.com\/product\/yoast-seo-premium-wordpress\/ -->\n<title>Retours sur le Forum des Entrepreneuses | Force Femmes<\/title>\n<meta name=\"robots\" content=\"index, follow, max-snippet:-1, max-image-preview:large, max-video-preview:-1\" \/>\n<link rel=\"canonical\" href=\"https:\/\/www.forcefemmes.com\/?p=18225\" \/>\n<meta property=\"og:locale\" content=\"fr_FR\" \/>\n<meta property=\"og:type\" content=\"article\" \/>\n<meta property=\"og:title\" content=\"Retours sur le Forum des Entrepreneuses\" \/>\n<meta property=\"og:description\" content=\"Le 18 juin s&rsquo;est d\u00e9roul\u00e9 le Forum des Entrepreneuses, organis\u00e9 par Force Femmes. Plus de 450 femmes sont venues au Forum des Entrepreneuses organis\u00e9 par Force Femmes mardi afin de rencontrer les acteurs de l&rsquo;entrepreneuriat f\u00e9minin. R\u00e9seaux f\u00e9mininx, structures d&rsquo;accompagnement, aides au financement&#8230; Une vingtaine...\" \/>\n<meta property=\"og:url\" content=\"https:\/\/www.forcefemmes.com\/?p=18225\" \/>\n<meta property=\"og:site_name\" content=\"Force Femmes\" \/>\n<meta property=\"article:published_time\" content=\"2019-06-21T07:58:37+00:00\" \/>\n<meta property=\"article:modified_time\" content=\"2024-04-04T13:28:26+00:00\" \/>\n<meta property=\"og:image\" content=\"https:\/\/www.forcefemmes.com\/wp-content\/uploads\/2019\/06\/Photo-1024x768.jpg\" \/>\n\t<meta property=\"og:image:width\" content=\"1024\" \/>\n\t<meta property=\"og:image:height\" content=\"768\" \/>\n\t<meta property=\"og:image:type\" content=\"image\/jpeg\" \/>\n<meta name=\"author\" content=\"info@forcefemmes.com\" \/>\n<meta name=\"twitter:card\" content=\"summary_large_image\" \/>\n<meta name=\"twitter:label1\" content=\"\u00c9crit par\" \/>\n\t<meta name=\"twitter:data1\" content=\"info@forcefemmes.com\" \/>\n\t<meta name=\"twitter:label2\" content=\"Dur\u00e9e de lecture estim\u00e9e\" \/>\n\t<meta name=\"twitter:data2\" content=\"1 minute\" \/>\n<script type=\"application\/ld+json\" class=\"yoast-schema-graph\">{\"@context\":\"https:\\\/\\\/schema.org\",\"@graph\":[{\"@type\":\"Article\",\"@id\":\"https:\\\/\\\/www.forcefemmes.com\\\/?p=18225#article\",\"isPartOf\":{\"@id\":\"https:\\\/\\\/www.forcefemmes.com\\\/?p=18225\"},\"author\":{\"name\":\"info@forcefemmes.com\",\"@id\":\"https:\\\/\\\/www.forcefemmes.com\\\/#\\\/schema\\\/person\\\/5bbda8a197fcdd46d3de8a8adc540d4f\"},\"headline\":\"Retours sur le Forum des Entrepreneuses\",\"datePublished\":\"2019-06-21T07:58:37+00:00\",\"dateModified\":\"2024-04-04T13:28:26+00:00\",\"mainEntityOfPage\":{\"@id\":\"https:\\\/\\\/www.forcefemmes.com\\\/?p=18225\"},\"wordCount\":120,\"image\":{\"@id\":\"https:\\\/\\\/www.forcefemmes.com\\\/?p=18225#primaryimage\"},\"thumbnailUrl\":\"https:\\\/\\\/www.forcefemmes.com\\\/wp-content\\\/uploads\\\/2019\\\/06\\\/Photo.jpg\",\"articleSection\":[\"Cr\u00e9ation d'entreprise\"],\"inLanguage\":\"fr-FR\"},{\"@type\":\"WebPage\",\"@id\":\"https:\\\/\\\/www.forcefemmes.com\\\/?p=18225\",\"url\":\"https:\\\/\\\/www.forcefemmes.com\\\/?p=18225\",\"name\":\"Retours sur le Forum des Entrepreneuses | Force Femmes\",\"isPartOf\":{\"@id\":\"https:\\\/\\\/www.forcefemmes.com\\\/#website\"},\"primaryImageOfPage\":{\"@id\":\"https:\\\/\\\/www.forcefemmes.com\\\/?p=18225#primaryimage\"},\"image\":{\"@id\":\"https:\\\/\\\/www.forcefemmes.com\\\/?p=18225#primaryimage\"},\"thumbnailUrl\":\"https:\\\/\\\/www.forcefemmes.com\\\/wp-content\\\/uploads\\\/2019\\\/06\\\/Photo.jpg\",\"datePublished\":\"2019-06-21T07:58:37+00:00\",\"dateModified\":\"2024-04-04T13:28:26+00:00\",\"author\":{\"@id\":\"https:\\\/\\\/www.forcefemmes.com\\\/#\\\/schema\\\/person\\\/5bbda8a197fcdd46d3de8a8adc540d4f\"},\"breadcrumb\":{\"@id\":\"https:\\\/\\\/www.forcefemmes.com\\\/?p=18225#breadcrumb\"},\"inLanguage\":\"fr-FR\",\"potentialAction\":[{\"@type\":\"ReadAction\",\"target\":[\"https:\\\/\\\/www.forcefemmes.com\\\/?p=18225\"]}]},{\"@type\":\"ImageObject\",\"inLanguage\":\"fr-FR\",\"@id\":\"https:\\\/\\\/www.forcefemmes.com\\\/?p=18225#primaryimage\",\"url\":\"https:\\\/\\\/www.forcefemmes.com\\\/wp-content\\\/uploads\\\/2019\\\/06\\\/Photo.jpg\",\"contentUrl\":\"https:\\\/\\\/www.forcefemmes.com\\\/wp-content\\\/uploads\\\/2019\\\/06\\\/Photo.jpg\",\"width\":4032,\"height\":3024},{\"@type\":\"BreadcrumbList\",\"@id\":\"https:\\\/\\\/www.forcefemmes.com\\\/?p=18225#breadcrumb\",\"itemListElement\":[{\"@type\":\"ListItem\",\"position\":1,\"name\":\"Accueil\",\"item\":\"https:\\\/\\\/www.forcefemmes.com\\\/\"},{\"@type\":\"ListItem\",\"position\":2,\"name\":\"Retours sur le Forum des Entrepreneuses\"}]},{\"@type\":\"WebSite\",\"@id\":\"https:\\\/\\\/www.forcefemmes.com\\\/#website\",\"url\":\"https:\\\/\\\/www.forcefemmes.com\\\/\",\"name\":\"Force Femmes\",\"description\":\"Agit pour l&#039;emploi des femmes de plus de 45 ans\",\"potentialAction\":[{\"@type\":\"SearchAction\",\"target\":{\"@type\":\"EntryPoint\",\"urlTemplate\":\"https:\\\/\\\/www.forcefemmes.com\\\/?s={search_term_string}\"},\"query-input\":{\"@type\":\"PropertyValueSpecification\",\"valueRequired\":true,\"valueName\":\"search_term_string\"}}],\"inLanguage\":\"fr-FR\"},{\"@type\":\"Person\",\"@id\":\"https:\\\/\\\/www.forcefemmes.com\\\/#\\\/schema\\\/person\\\/5bbda8a197fcdd46d3de8a8adc540d4f\",\"name\":\"info@forcefemmes.com\",\"image\":{\"@type\":\"ImageObject\",\"inLanguage\":\"fr-FR\",\"@id\":\"https:\\\/\\\/secure.gravatar.com\\\/avatar\\\/59a27199a7c59611639f4688250f25c22dd80de380a1c288192b326a850411a4?s=96&d=mm&r=g\",\"url\":\"https:\\\/\\\/secure.gravatar.com\\\/avatar\\\/59a27199a7c59611639f4688250f25c22dd80de380a1c288192b326a850411a4?s=96&d=mm&r=g\",\"contentUrl\":\"https:\\\/\\\/secure.gravatar.com\\\/avatar\\\/59a27199a7c59611639f4688250f25c22dd80de380a1c288192b326a850411a4?s=96&d=mm&r=g\",\"caption\":\"info@forcefemmes.com\"},\"url\":\"https:\\\/\\\/www.forcefemmes.com\\\/?author=1\"}]}<\/script>\n<!-- \/ Yoast SEO Premium plugin. -->","yoast_head_json":{"title":"Retours sur le Forum des Entrepreneuses | Force Femmes","robots":{"index":"index","follow":"follow","max-snippet":"max-snippet:-1","max-image-preview":"max-image-preview:large","max-video-preview":"max-video-preview:-1"},"canonical":"https:\/\/www.forcefemmes.com\/?p=18225","og_locale":"fr_FR","og_type":"article","og_title":"Retours sur le Forum des Entrepreneuses","og_description":"Le 18 juin s&rsquo;est d\u00e9roul\u00e9 le Forum des Entrepreneuses, organis\u00e9 par Force Femmes. Plus de 450 femmes sont venues au Forum des Entrepreneuses organis\u00e9 par Force Femmes mardi afin de rencontrer les acteurs de l&rsquo;entrepreneuriat f\u00e9minin. R\u00e9seaux f\u00e9mininx, structures d&rsquo;accompagnement, aides au financement&#8230; Une vingtaine...","og_url":"https:\/\/www.forcefemmes.com\/?p=18225","og_site_name":"Force Femmes","article_published_time":"2019-06-21T07:58:37+00:00","article_modified_time":"2024-04-04T13:28:26+00:00","og_image":[{"width":1024,"height":768,"url":"https:\/\/www.forcefemmes.com\/wp-content\/uploads\/2019\/06\/Photo-1024x768.jpg","type":"image\/jpeg"}],"author":"info@forcefemmes.com","twitter_card":"summary_large_image","twitter_misc":{"\u00c9crit par":"info@forcefemmes.com","Dur\u00e9e de lecture estim\u00e9e":"1 minute"},"schema":{"@context":"https:\/\/schema.org","@graph":[{"@type":"Article","@id":"https:\/\/www.forcefemmes.com\/?p=18225#article","isPartOf":{"@id":"https:\/\/www.forcefemmes.com\/?p=18225"},"author":{"name":"info@forcefemmes.com","@id":"https:\/\/www.forcefemmes.com\/#\/schema\/person\/5bbda8a197fcdd46d3de8a8adc540d4f"},"headline":"Retours sur le Forum des Entrepreneuses","datePublished":"2019-06-21T07:58:37+00:00","dateModified":"2024-04-04T13:28:26+00:00","mainEntityOfPage":{"@id":"https:\/\/www.forcefemmes.com\/?p=18225"},"wordCount":120,"image":{"@id":"https:\/\/www.forcefemmes.com\/?p=18225#primaryimage"},"thumbnailUrl":"https:\/\/www.forcefemmes.com\/wp-content\/uploads\/2019\/06\/Photo.jpg","articleSection":["Cr\u00e9ation d'entreprise"],"inLanguage":"fr-FR"},{"@type":"WebPage","@id":"https:\/\/www.forcefemmes.com\/?p=18225","url":"https:\/\/www.forcefemmes.com\/?p=18225","name":"Retours sur le Forum des Entrepreneuses | Force Femmes","isPartOf":{"@id":"https:\/\/www.forcefemmes.com\/#website"},"primaryImageOfPage":{"@id":"https:\/\/www.forcefemmes.com\/?p=18225#primaryimage"},"image":{"@id":"https:\/\/www.forcefemmes.com\/?p=18225#primaryimage"},"thumbnailUrl":"https:\/\/www.forcefemmes.com\/wp-content\/uploads\/2019\/06\/Photo.jpg","datePublished":"2019-06-21T07:58:37+00:00","dateModified":"2024-04-04T13:28:26+00:00","author":{"@id":"https:\/\/www.forcefemmes.com\/#\/schema\/person\/5bbda8a197fcdd46d3de8a8adc540d4f"},"breadcrumb":{"@id":"https:\/\/www.forcefemmes.com\/?p=18225#breadcrumb"},"inLanguage":"fr-FR","potentialAction":[{"@type":"ReadAction","target":["https:\/\/www.forcefemmes.com\/?p=18225"]}]},{"@type":"ImageObject","inLanguage":"fr-FR","@id":"https:\/\/www.forcefemmes.com\/?p=18225#primaryimage","url":"https:\/\/www.forcefemmes.com\/wp-content\/uploads\/2019\/06\/Photo.jpg","contentUrl":"https:\/\/www.forcefemmes.com\/wp-content\/uploads\/2019\/06\/Photo.jpg","width":4032,"height":3024},{"@type":"BreadcrumbList","@id":"https:\/\/www.forcefemmes.com\/?p=18225#breadcrumb","itemListElement":[{"@type":"ListItem","position":1,"name":"Accueil","item":"https:\/\/www.forcefemmes.com\/"},{"@type":"ListItem","position":2,"name":"Retours sur le Forum des Entrepreneuses"}]},{"@type":"WebSite","@id":"https:\/\/www.forcefemmes.com\/#website","url":"https:\/\/www.forcefemmes.com\/","name":"Force Femmes","description":"Agit pour l&#039;emploi des femmes de plus de 45 ans","potentialAction":[{"@type":"SearchAction","target":{"@type":"EntryPoint","urlTemplate":"https:\/\/www.forcefemmes.com\/?s={search_term_string}"},"query-input":{"@type":"PropertyValueSpecification","valueRequired":true,"valueName":"search_term_string"}}],"inLanguage":"fr-FR"},{"@type":"Person","@id":"https:\/\/www.forcefemmes.com\/#\/schema\/person\/5bbda8a197fcdd46d3de8a8adc540d4f","name":"info@forcefemmes.com","image":{"@type":"ImageObject","inLanguage":"fr-FR","@id":"https:\/\/secure.gravatar.com\/avatar\/59a27199a7c59611639f4688250f25c22dd80de380a1c288192b326a850411a4?s=96&d=mm&r=g","url":"https:\/\/secure.gravatar.com\/avatar\/59a27199a7c59611639f4688250f25c22dd80de380a1c288192b326a850411a4?s=96&d=mm&r=g","contentUrl":"https:\/\/secure.gravatar.com\/avatar\/59a27199a7c59611639f4688250f25c22dd80de380a1c288192b326a850411a4?s=96&d=mm&r=g","caption":"info@forcefemmes.com"},"url":"https:\/\/www.forcefemmes.com\/?author=1"}]}},"_links":{"self":[{"href":"https:\/\/www.forcefemmes.com\/index.php?rest_route=\/wp\/v2\/posts\/18225","targetHints":{"allow":["GET"]}}],"collection":[{"href":"https:\/\/www.forcefemmes.com\/index.php?rest_route=\/wp\/v2\/posts"}],"about":[{"href":"https:\/\/www.forcefemmes.com\/index.php?rest_route=\/wp\/v2\/types\/post"}],"author":[{"embeddable":true,"href":"https:\/\/www.forcefemmes.com\/index.php?rest_route=\/wp\/v2\/users\/1"}],"replies":[{"embeddable":true,"href":"https:\/\/www.forcefemmes.com\/index.php?rest_route=%2Fwp%2Fv2%2Fcomments&post=18225"}],"version-history":[{"count":9,"href":"https:\/\/www.forcefemmes.com\/index.php?rest_route=\/wp\/v2\/posts\/18225\/revisions"}],"predecessor-version":[{"id":22483,"href":"https:\/\/www.forcefemmes.com\/index.php?rest_route=\/wp\/v2\/posts\/18225\/revisions\/22483"}],"wp:featuredmedia":[{"embeddable":true,"href":"https:\/\/www.forcefemmes.com\/index.php?rest_route=\/wp\/v2\/media\/18227"}],"wp:attachment":[{"href":"https:\/\/www.forcefemmes.com\/index.php?rest_route=%2Fwp%2Fv2%2Fmedia&parent=18225"}],"wp:term":[{"taxonomy":"category","embeddable":true,"href":"https:\/\/www.forcefemmes.com\/index.php?rest_route=%2Fwp%2Fv2%2Fcategories&post=18225"},{"taxonomy":"post_tag","embeddable":true,"href":"https:\/\/www.forcefemmes.com\/index.php?rest_route=%2Fwp%2Fv2%2Ftags&post=18225"}],"curies":[{"name":"wp","href":"https:\/\/api.w.org\/{rel}","templated":true}]}}