{"id":18620,"date":"2019-09-24T16:49:11","date_gmt":"2019-09-24T14:49:11","guid":{"rendered":"http:\/\/www.forcefemmes.com\/?p=18620"},"modified":"2024-04-04T15:20:39","modified_gmt":"2024-04-04T13:20:39","slug":"conference-de-presse-lancement-de-vers-lemploi","status":"publish","type":"post","link":"https:\/\/www.forcefemmes.com\/?p=18620","title":{"rendered":"24 septembre 2019 &#8211; Conf\u00e9rence de presse pour le lancement de Vers l&rsquo;Emploi"},"content":{"rendered":"<h1>24 septembre 2019 &#8211; Conf\u00e9rence de presse pour le lancement de Vers l&rsquo;Emploi<\/h1>\n<h5><\/h5>\n<h5 style=\"text-align: justify;\">Force Femmes \u00e9tait aux c\u00f4t\u00e9s d\u2019 AG2R LA MONDIALE pour annoncer le lancement de sa plateforme digitale d\u2019accompagnement au retour \u00e0 l\u2019emploi verslemploi.fr.<\/h5>\n<p>&nbsp;<\/p>\n<h6 style=\"text-align: justify;\"><span style=\"color: #000000;\"><em>\u00ab Depuis sa cr\u00e9ation, ce sont 25 000 femmes suivies par Force Femmes, 50% ont retrouv\u00e9 un emploi en 2018. Ce qui nous anime pour continuer sans rel\u00e2che : un esprit entrepreneur, un \u00e9lan de sororit\u00e9 interg\u00e9n\u00e9rationnelle et une n\u00e9cessit\u00e9 de proximit\u00e9, d\u2019\u00e9largir les acc\u00e8s ; ce qui est permis avec le digital, avec Ma Boite et Vers l\u2019Emploi aujourd\u2019hui \u00bb<\/em> a d\u00e9clar\u00e9 V\u00e9ronique Morali, Pr\u00e9sidente de Force Femmes, aux c\u00f4t\u00e9s d\u2019 Anne M\u00e9aux, Vice-pr\u00e9sidente de l\u2019association, qui insiste sur le fait <em>\u00ab [qu\u2019]il faut qu\u2019on explique aux chefs d\u2019entreprise que c\u2019est un cadeau d\u2019avoir une mixit\u00e9 d\u2019\u00e2ge. Moi j\u2019emploie des gens de 23 \u00e0 68 ans ! \u00bb<\/em><\/span><\/h6>\n<p>&nbsp;<\/p>\n<h6 style=\"text-align: justify;\"><span style=\"color: #000000;\"><em>\u00ab Le plus important est de rester en action, de ne pas rester seule et de s\u2019entourer des bonnes personnes. \u00bb<\/em> compl\u00e8te Elise Moison, en collaboration avec Claire Ponsot qui confirme que <em>\u00ab Le retour \u00e0 l\u2019emploi des actifs les plus fragiles constitue l\u2019un des axes prioritaires des activit\u00e9s sociales d\u2019AG2R LA MONDIALE \u00bb<\/em>.<\/span><\/h6>\n<p>&nbsp;<\/p>\n<h6 style=\"text-align: justify;\"><span style=\"color: #000000;\">B\u00e9n\u00e9voles au sein de l\u2019association et ayant particip\u00e9 \u00e0 Vers l&rsquo;Emploi, cinq femmes engag\u00e9es t\u00e9moignent des cl\u00e9s du retour \u00e0 l\u2019emploi, partag\u00e9es dans la nouvelle plate-forme :<\/span><\/h6>\n<p>&nbsp;<\/p>\n<h6 style=\"text-align: justify;\"><span style=\"color: #000000;\"><em>\u00ab Les seniors rencontr\u00e9s en entretien n\u2019ont pas conscience de ce qu\u2019ils peuvent apporter : la fiabilit\u00e9, l\u2019engagement. La question de la confiance en soi est un sujet fort. Le meilleur conseil que je peux donner pour reprendre confiance en soi : valoriser ses comp\u00e9tences. \u00bb<\/em> Am\u00e9lia Fanchette<\/span><\/h6>\n<p>&nbsp;<\/p>\n<h6 style=\"text-align: justify;\"><span style=\"color: #000000;\"><em>\u00ab Plusieurs axes peuvent \u00eatre travaill\u00e9s pour reprendre confiance en soi : se valoriser, travailler le discours, apporter un \u00e9clairage sur ses exp\u00e9riences pass\u00e9es, anticiper les objections. \u00bb<\/em> V\u00e9ronique Baschiera<\/span><\/h6>\n<p>&nbsp;<\/p>\n<h6 style=\"text-align: justify;\"><span style=\"color: #000000;\">Mai Lam NGUYEN CONAN insiste sur le fait qu\u2019il est n\u00e9cessaire de travailler <em>\u00ab le bilan de confiance plut\u00f4t que le bilan de comp\u00e9tences pour faire un \u00e9tat des lieux bienveillant sur soi-m\u00eame \u00bb<\/em> et reprendre confiance en soi.<\/span><\/h6>\n<p>&nbsp;<\/p>\n<h6 style=\"text-align: justify;\"><span style=\"color: #000000;\"><em>\u00ab Quant \u00e0 l\u2019aisance \u00e0 l\u2019oral, elle se gagne progressivement avec la pratique et la pr\u00e9paration. La parole est une richesse et permet un retour \u00e0 l\u2019humanit\u00e9 dans le rapport aux autres. \u00bb<\/em> Marie-Laure Dautrey<\/span><\/h6>\n<p>&nbsp;<\/p>\n<h6 style=\"text-align: justify;\"><span style=\"color: #000000;\"><em>\u00ab L\u2019organisation de ses recherches et la gestion du temps est un vrai sujet : se poser les bonnes questions et savoir distinguer l\u2019important \u00bb<\/em> Karine Montourcy<\/span><\/h6>\n<p><img fetchpriority=\"high\" decoding=\"async\" class=\"alignnone size-medium wp-image-18633\" src=\"https:\/\/www.forcefemmes.com\/wp-content\/uploads\/2019\/09\/20190924_100112-1024x768.jpg\" alt=\"\" width=\"350\" height=\"200\" \/> <img decoding=\"async\" class=\"alignnone size-medium wp-image-18632\" src=\"https:\/\/www.forcefemmes.com\/wp-content\/uploads\/2019\/09\/20190924_095135-1024x768.jpg\" alt=\"\" width=\"350\" height=\"200\" \/> <img decoding=\"async\" src=\"https:\/\/www.forcefemmes.com\/wp-content\/uploads\/2019\/09\/78aa33d1-11001-Copie-2-781x1024.jpg\" alt=\"\" width=\"200\" height=\"480\" \/><\/p>\n","protected":false},"excerpt":{"rendered":"<p>24 septembre 2019 &#8211; Conf\u00e9rence de presse pour le lancement de Vers l&rsquo;Emploi Force Femmes \u00e9tait aux c\u00f4t\u00e9s d\u2019 AG2R LA MONDIALE pour annoncer le lancement de sa plateforme digitale d\u2019accompagnement au retour \u00e0 l\u2019emploi verslemploi.fr. &nbsp; \u00ab Depuis sa cr\u00e9ation, ce sont 25 000&#8230;<\/p>\n","protected":false},"author":1,"featured_media":18621,"comment_status":"closed","ping_status":"closed","sticky":false,"template":"","format":"standard","meta":{"footnotes":""},"categories":[127],"tags":[],"class_list":["post-18620","post","type-post","status-publish","format-standard","has-post-thumbnail","hentry","category-retour-a-lemploi"],"yoast_head":"<!-- This site is optimized with the Yoast SEO Premium plugin v27.0 (Yoast SEO v27.9) - https:\/\/yoast.com\/product\/yoast-seo-premium-wordpress\/ -->\n<title>24 septembre 2019 - Conf\u00e9rence de presse pour le lancement de Vers l&#039;Emploi | Force Femmes<\/title>\n<meta name=\"robots\" content=\"index, follow, max-snippet:-1, max-image-preview:large, max-video-preview:-1\" \/>\n<link rel=\"canonical\" href=\"https:\/\/www.forcefemmes.com\/?p=18620\" \/>\n<meta property=\"og:locale\" content=\"fr_FR\" \/>\n<meta property=\"og:type\" content=\"article\" \/>\n<meta property=\"og:title\" content=\"24 septembre 2019 - Conf\u00e9rence de presse pour le lancement de Vers l&#039;Emploi\" \/>\n<meta property=\"og:description\" content=\"24 septembre 2019 &#8211; Conf\u00e9rence de presse pour le lancement de Vers l&rsquo;Emploi Force Femmes \u00e9tait aux c\u00f4t\u00e9s d\u2019 AG2R LA MONDIALE pour annoncer le lancement de sa plateforme digitale d\u2019accompagnement au retour \u00e0 l\u2019emploi verslemploi.fr. &nbsp; \u00ab Depuis sa cr\u00e9ation, ce sont 25 000...\" \/>\n<meta property=\"og:url\" content=\"https:\/\/www.forcefemmes.com\/?p=18620\" \/>\n<meta property=\"og:site_name\" content=\"Force Femmes\" \/>\n<meta property=\"article:published_time\" content=\"2019-09-24T14:49:11+00:00\" \/>\n<meta property=\"article:modified_time\" content=\"2024-04-04T13:20:39+00:00\" \/>\n<meta property=\"og:image\" content=\"https:\/\/www.forcefemmes.com\/wp-content\/uploads\/2019\/09\/78aa33d1-11001.jpg\" \/>\n\t<meta property=\"og:image:width\" content=\"1200\" \/>\n\t<meta property=\"og:image:height\" content=\"1600\" \/>\n\t<meta property=\"og:image:type\" content=\"image\/jpeg\" \/>\n<meta name=\"author\" content=\"info@forcefemmes.com\" \/>\n<meta name=\"twitter:card\" content=\"summary_large_image\" \/>\n<meta name=\"twitter:label1\" content=\"\u00c9crit par\" \/>\n\t<meta name=\"twitter:data1\" content=\"info@forcefemmes.com\" \/>\n\t<meta name=\"twitter:label2\" content=\"Dur\u00e9e de lecture estim\u00e9e\" \/>\n\t<meta name=\"twitter:data2\" content=\"2 minutes\" \/>\n<script type=\"application\/ld+json\" class=\"yoast-schema-graph\">{\"@context\":\"https:\\\/\\\/schema.org\",\"@graph\":[{\"@type\":\"Article\",\"@id\":\"https:\\\/\\\/www.forcefemmes.com\\\/?p=18620#article\",\"isPartOf\":{\"@id\":\"https:\\\/\\\/www.forcefemmes.com\\\/?p=18620\"},\"author\":{\"name\":\"info@forcefemmes.com\",\"@id\":\"https:\\\/\\\/www.forcefemmes.com\\\/#\\\/schema\\\/person\\\/5bbda8a197fcdd46d3de8a8adc540d4f\"},\"headline\":\"24 septembre 2019 &#8211; Conf\u00e9rence de presse pour le lancement de Vers l&rsquo;Emploi\",\"datePublished\":\"2019-09-24T14:49:11+00:00\",\"dateModified\":\"2024-04-04T13:20:39+00:00\",\"mainEntityOfPage\":{\"@id\":\"https:\\\/\\\/www.forcefemmes.com\\\/?p=18620\"},\"wordCount\":453,\"image\":{\"@id\":\"https:\\\/\\\/www.forcefemmes.com\\\/?p=18620#primaryimage\"},\"thumbnailUrl\":\"https:\\\/\\\/www.forcefemmes.com\\\/wp-content\\\/uploads\\\/2019\\\/09\\\/78aa33d1-11001.jpg\",\"articleSection\":[\"Retour \u00e0 l'emploi\"],\"inLanguage\":\"fr-FR\"},{\"@type\":\"WebPage\",\"@id\":\"https:\\\/\\\/www.forcefemmes.com\\\/?p=18620\",\"url\":\"https:\\\/\\\/www.forcefemmes.com\\\/?p=18620\",\"name\":\"24 septembre 2019 - Conf\u00e9rence de presse pour le lancement de Vers l'Emploi | Force Femmes\",\"isPartOf\":{\"@id\":\"https:\\\/\\\/www.forcefemmes.com\\\/#website\"},\"primaryImageOfPage\":{\"@id\":\"https:\\\/\\\/www.forcefemmes.com\\\/?p=18620#primaryimage\"},\"image\":{\"@id\":\"https:\\\/\\\/www.forcefemmes.com\\\/?p=18620#primaryimage\"},\"thumbnailUrl\":\"https:\\\/\\\/www.forcefemmes.com\\\/wp-content\\\/uploads\\\/2019\\\/09\\\/78aa33d1-11001.jpg\",\"datePublished\":\"2019-09-24T14:49:11+00:00\",\"dateModified\":\"2024-04-04T13:20:39+00:00\",\"author\":{\"@id\":\"https:\\\/\\\/www.forcefemmes.com\\\/#\\\/schema\\\/person\\\/5bbda8a197fcdd46d3de8a8adc540d4f\"},\"breadcrumb\":{\"@id\":\"https:\\\/\\\/www.forcefemmes.com\\\/?p=18620#breadcrumb\"},\"inLanguage\":\"fr-FR\",\"potentialAction\":[{\"@type\":\"ReadAction\",\"target\":[\"https:\\\/\\\/www.forcefemmes.com\\\/?p=18620\"]}]},{\"@type\":\"ImageObject\",\"inLanguage\":\"fr-FR\",\"@id\":\"https:\\\/\\\/www.forcefemmes.com\\\/?p=18620#primaryimage\",\"url\":\"https:\\\/\\\/www.forcefemmes.com\\\/wp-content\\\/uploads\\\/2019\\\/09\\\/78aa33d1-11001.jpg\",\"contentUrl\":\"https:\\\/\\\/www.forcefemmes.com\\\/wp-content\\\/uploads\\\/2019\\\/09\\\/78aa33d1-11001.jpg\",\"width\":1200,\"height\":1600},{\"@type\":\"BreadcrumbList\",\"@id\":\"https:\\\/\\\/www.forcefemmes.com\\\/?p=18620#breadcrumb\",\"itemListElement\":[{\"@type\":\"ListItem\",\"position\":1,\"name\":\"Accueil\",\"item\":\"https:\\\/\\\/www.forcefemmes.com\\\/\"},{\"@type\":\"ListItem\",\"position\":2,\"name\":\"24 septembre 2019 &#8211; Conf\u00e9rence de presse pour le lancement de Vers l&rsquo;Emploi\"}]},{\"@type\":\"WebSite\",\"@id\":\"https:\\\/\\\/www.forcefemmes.com\\\/#website\",\"url\":\"https:\\\/\\\/www.forcefemmes.com\\\/\",\"name\":\"Force Femmes\",\"description\":\"Agit pour l&#039;emploi des femmes de plus de 45 ans\",\"potentialAction\":[{\"@type\":\"SearchAction\",\"target\":{\"@type\":\"EntryPoint\",\"urlTemplate\":\"https:\\\/\\\/www.forcefemmes.com\\\/?s={search_term_string}\"},\"query-input\":{\"@type\":\"PropertyValueSpecification\",\"valueRequired\":true,\"valueName\":\"search_term_string\"}}],\"inLanguage\":\"fr-FR\"},{\"@type\":\"Person\",\"@id\":\"https:\\\/\\\/www.forcefemmes.com\\\/#\\\/schema\\\/person\\\/5bbda8a197fcdd46d3de8a8adc540d4f\",\"name\":\"info@forcefemmes.com\",\"image\":{\"@type\":\"ImageObject\",\"inLanguage\":\"fr-FR\",\"@id\":\"https:\\\/\\\/secure.gravatar.com\\\/avatar\\\/59a27199a7c59611639f4688250f25c22dd80de380a1c288192b326a850411a4?s=96&d=mm&r=g\",\"url\":\"https:\\\/\\\/secure.gravatar.com\\\/avatar\\\/59a27199a7c59611639f4688250f25c22dd80de380a1c288192b326a850411a4?s=96&d=mm&r=g\",\"contentUrl\":\"https:\\\/\\\/secure.gravatar.com\\\/avatar\\\/59a27199a7c59611639f4688250f25c22dd80de380a1c288192b326a850411a4?s=96&d=mm&r=g\",\"caption\":\"info@forcefemmes.com\"},\"url\":\"https:\\\/\\\/www.forcefemmes.com\\\/?author=1\"}]}<\/script>\n<!-- \/ Yoast SEO Premium plugin. -->","yoast_head_json":{"title":"24 septembre 2019 - Conf\u00e9rence de presse pour le lancement de Vers l'Emploi | Force Femmes","robots":{"index":"index","follow":"follow","max-snippet":"max-snippet:-1","max-image-preview":"max-image-preview:large","max-video-preview":"max-video-preview:-1"},"canonical":"https:\/\/www.forcefemmes.com\/?p=18620","og_locale":"fr_FR","og_type":"article","og_title":"24 septembre 2019 - Conf\u00e9rence de presse pour le lancement de Vers l'Emploi","og_description":"24 septembre 2019 &#8211; Conf\u00e9rence de presse pour le lancement de Vers l&rsquo;Emploi Force Femmes \u00e9tait aux c\u00f4t\u00e9s d\u2019 AG2R LA MONDIALE pour annoncer le lancement de sa plateforme digitale d\u2019accompagnement au retour \u00e0 l\u2019emploi verslemploi.fr. &nbsp; \u00ab Depuis sa cr\u00e9ation, ce sont 25 000...","og_url":"https:\/\/www.forcefemmes.com\/?p=18620","og_site_name":"Force Femmes","article_published_time":"2019-09-24T14:49:11+00:00","article_modified_time":"2024-04-04T13:20:39+00:00","og_image":[{"width":1200,"height":1600,"url":"https:\/\/www.forcefemmes.com\/wp-content\/uploads\/2019\/09\/78aa33d1-11001.jpg","type":"image\/jpeg"}],"author":"info@forcefemmes.com","twitter_card":"summary_large_image","twitter_misc":{"\u00c9crit par":"info@forcefemmes.com","Dur\u00e9e de lecture estim\u00e9e":"2 minutes"},"schema":{"@context":"https:\/\/schema.org","@graph":[{"@type":"Article","@id":"https:\/\/www.forcefemmes.com\/?p=18620#article","isPartOf":{"@id":"https:\/\/www.forcefemmes.com\/?p=18620"},"author":{"name":"info@forcefemmes.com","@id":"https:\/\/www.forcefemmes.com\/#\/schema\/person\/5bbda8a197fcdd46d3de8a8adc540d4f"},"headline":"24 septembre 2019 &#8211; Conf\u00e9rence de presse pour le lancement de Vers l&rsquo;Emploi","datePublished":"2019-09-24T14:49:11+00:00","dateModified":"2024-04-04T13:20:39+00:00","mainEntityOfPage":{"@id":"https:\/\/www.forcefemmes.com\/?p=18620"},"wordCount":453,"image":{"@id":"https:\/\/www.forcefemmes.com\/?p=18620#primaryimage"},"thumbnailUrl":"https:\/\/www.forcefemmes.com\/wp-content\/uploads\/2019\/09\/78aa33d1-11001.jpg","articleSection":["Retour \u00e0 l'emploi"],"inLanguage":"fr-FR"},{"@type":"WebPage","@id":"https:\/\/www.forcefemmes.com\/?p=18620","url":"https:\/\/www.forcefemmes.com\/?p=18620","name":"24 septembre 2019 - Conf\u00e9rence de presse pour le lancement de Vers l'Emploi | Force Femmes","isPartOf":{"@id":"https:\/\/www.forcefemmes.com\/#website"},"primaryImageOfPage":{"@id":"https:\/\/www.forcefemmes.com\/?p=18620#primaryimage"},"image":{"@id":"https:\/\/www.forcefemmes.com\/?p=18620#primaryimage"},"thumbnailUrl":"https:\/\/www.forcefemmes.com\/wp-content\/uploads\/2019\/09\/78aa33d1-11001.jpg","datePublished":"2019-09-24T14:49:11+00:00","dateModified":"2024-04-04T13:20:39+00:00","author":{"@id":"https:\/\/www.forcefemmes.com\/#\/schema\/person\/5bbda8a197fcdd46d3de8a8adc540d4f"},"breadcrumb":{"@id":"https:\/\/www.forcefemmes.com\/?p=18620#breadcrumb"},"inLanguage":"fr-FR","potentialAction":[{"@type":"ReadAction","target":["https:\/\/www.forcefemmes.com\/?p=18620"]}]},{"@type":"ImageObject","inLanguage":"fr-FR","@id":"https:\/\/www.forcefemmes.com\/?p=18620#primaryimage","url":"https:\/\/www.forcefemmes.com\/wp-content\/uploads\/2019\/09\/78aa33d1-11001.jpg","contentUrl":"https:\/\/www.forcefemmes.com\/wp-content\/uploads\/2019\/09\/78aa33d1-11001.jpg","width":1200,"height":1600},{"@type":"BreadcrumbList","@id":"https:\/\/www.forcefemmes.com\/?p=18620#breadcrumb","itemListElement":[{"@type":"ListItem","position":1,"name":"Accueil","item":"https:\/\/www.forcefemmes.com\/"},{"@type":"ListItem","position":2,"name":"24 septembre 2019 &#8211; Conf\u00e9rence de presse pour le lancement de Vers l&rsquo;Emploi"}]},{"@type":"WebSite","@id":"https:\/\/www.forcefemmes.com\/#website","url":"https:\/\/www.forcefemmes.com\/","name":"Force Femmes","description":"Agit pour l&#039;emploi des femmes de plus de 45 ans","potentialAction":[{"@type":"SearchAction","target":{"@type":"EntryPoint","urlTemplate":"https:\/\/www.forcefemmes.com\/?s={search_term_string}"},"query-input":{"@type":"PropertyValueSpecification","valueRequired":true,"valueName":"search_term_string"}}],"inLanguage":"fr-FR"},{"@type":"Person","@id":"https:\/\/www.forcefemmes.com\/#\/schema\/person\/5bbda8a197fcdd46d3de8a8adc540d4f","name":"info@forcefemmes.com","image":{"@type":"ImageObject","inLanguage":"fr-FR","@id":"https:\/\/secure.gravatar.com\/avatar\/59a27199a7c59611639f4688250f25c22dd80de380a1c288192b326a850411a4?s=96&d=mm&r=g","url":"https:\/\/secure.gravatar.com\/avatar\/59a27199a7c59611639f4688250f25c22dd80de380a1c288192b326a850411a4?s=96&d=mm&r=g","contentUrl":"https:\/\/secure.gravatar.com\/avatar\/59a27199a7c59611639f4688250f25c22dd80de380a1c288192b326a850411a4?s=96&d=mm&r=g","caption":"info@forcefemmes.com"},"url":"https:\/\/www.forcefemmes.com\/?author=1"}]}},"_links":{"self":[{"href":"https:\/\/www.forcefemmes.com\/index.php?rest_route=\/wp\/v2\/posts\/18620","targetHints":{"allow":["GET"]}}],"collection":[{"href":"https:\/\/www.forcefemmes.com\/index.php?rest_route=\/wp\/v2\/posts"}],"about":[{"href":"https:\/\/www.forcefemmes.com\/index.php?rest_route=\/wp\/v2\/types\/post"}],"author":[{"embeddable":true,"href":"https:\/\/www.forcefemmes.com\/index.php?rest_route=\/wp\/v2\/users\/1"}],"replies":[{"embeddable":true,"href":"https:\/\/www.forcefemmes.com\/index.php?rest_route=%2Fwp%2Fv2%2Fcomments&post=18620"}],"version-history":[{"count":16,"href":"https:\/\/www.forcefemmes.com\/index.php?rest_route=\/wp\/v2\/posts\/18620\/revisions"}],"predecessor-version":[{"id":22477,"href":"https:\/\/www.forcefemmes.com\/index.php?rest_route=\/wp\/v2\/posts\/18620\/revisions\/22477"}],"wp:featuredmedia":[{"embeddable":true,"href":"https:\/\/www.forcefemmes.com\/index.php?rest_route=\/wp\/v2\/media\/18621"}],"wp:attachment":[{"href":"https:\/\/www.forcefemmes.com\/index.php?rest_route=%2Fwp%2Fv2%2Fmedia&parent=18620"}],"wp:term":[{"taxonomy":"category","embeddable":true,"href":"https:\/\/www.forcefemmes.com\/index.php?rest_route=%2Fwp%2Fv2%2Fcategories&post=18620"},{"taxonomy":"post_tag","embeddable":true,"href":"https:\/\/www.forcefemmes.com\/index.php?rest_route=%2Fwp%2Fv2%2Ftags&post=18620"}],"curies":[{"name":"wp","href":"https:\/\/api.w.org\/{rel}","templated":true}]}}