{"id":18703,"date":"2019-10-04T14:35:43","date_gmt":"2019-10-04T12:35:43","guid":{"rendered":"http:\/\/www.forcefemmes.com\/?p=18703"},"modified":"2024-04-04T15:21:36","modified_gmt":"2024-04-04T13:21:36","slug":"les-derniers-salons-force-femmes","status":"publish","type":"post","link":"https:\/\/www.forcefemmes.com\/?p=18703","title":{"rendered":"Septembre 2019 &#8211; Les actus en r\u00e9gion"},"content":{"rendered":"<h1>Septembre 2019 &#8211; Les actus en r\u00e9gion<\/h1>\n<h5><\/h5>\n<h5 style=\"text-align: justify;\">Forum de Marseille, premier Job Meeting \u00e0 Bordeaux, signature du Plan d&rsquo;Action R\u00e9gional (PAR) Bretagne, participation au Salon des Micro-Entrepreuneurs de Paris<\/h5>\n<p>&nbsp;<\/p>\n<h6 style=\"text-align: justify;\"><span style=\"color: #000000;\"><strong>Anne M\u00e9aux, co-fondatrice de Force Femmes ouvrait le 1er forum de Marseille le 13 septembre<\/strong> : <em>\u00ab Je crois profond\u00e9ment au fait que c\u2019est une force que d\u2019avoir des \u00e9quipes mixtes en entreprise. Force Femmes, par sa solidarit\u00e9, sert \u00e0 montrer que cela est possible \u00bb<\/em><\/span><\/h6>\n<p>&nbsp;<\/p>\n<h6 style=\"text-align: justify;\"><span style=\"color: #000000;\">300 femmes \u00e9taient r\u00e9unies lors de ce forum anim\u00e9 par Anne-C\u00e9cile Sarfati, Directrice de la diversification \u00e9ditoriale et r\u00e9dactrice en chef des \u00e9ditions Paris et R\u00e9gions chez ELLE Magazine.<\/span><\/h6>\n<p><img fetchpriority=\"high\" decoding=\"async\" class=\"alignnone size-medium wp-image-18713\" src=\"https:\/\/www.forcefemmes.com\/wp-content\/uploads\/2019\/10\/1-1024x768.jpg\" alt=\"\" width=\"450\" height=\"250\" \/> <img decoding=\"async\" class=\"alignnone size-medium wp-image-18714\" src=\"https:\/\/www.forcefemmes.com\/wp-content\/uploads\/2019\/10\/3-1024x768.jpg\" alt=\"\" width=\"450\" height=\"250\" \/><\/p>\n<h6 style=\"text-align: justify;\"><span style=\"color: #000000;\"><strong>Le premier Job Meeting \u00e0 Bordeaux<\/strong> organis\u00e9 par Force Femmes et Entreprises pour la Cit\u00e9 avait lieu le 24 septembre.<\/span><\/h6>\n<p>&nbsp;<\/p>\n<h6 style=\"text-align: justify;\"><span style=\"color: #000000;\">Un \u00e9v\u00e9nement o\u00f9 les entreprises pitchent 5 minutes devant des femmes en recherche d&#8217;emploi. Au total, ce sont 13 pitchs d&rsquo;entreprises, 2h d&rsquo;entretiens individuels avec une centaine de femmes de +de 45 ans en recherche d&#8217;emploi.<\/span><\/h6>\n<p><img decoding=\"async\" class=\"alignnone size-medium wp-image-18709\" src=\"https:\/\/www.forcefemmes.com\/wp-content\/uploads\/2019\/10\/Jobmeeting2.jpg\" alt=\"\" width=\"240\" height=\"300\" \/> <img loading=\"lazy\" decoding=\"async\" class=\"alignnone size-medium wp-image-18710\" src=\"https:\/\/www.forcefemmes.com\/wp-content\/uploads\/2019\/10\/Jobmeeting6.jpg\" alt=\"\" width=\"425\" height=\"200\" \/> <img loading=\"lazy\" decoding=\"async\" class=\"alignnone size-medium wp-image-18052\" src=\"https:\/\/www.forcefemmes.com\/wp-content\/uploads\/2019\/10\/Jobmeeting3.jpg\" alt=\"\" width=\"240\" height=\"300\" \/><\/p>\n<h6 style=\"text-align: justify;\"><span style=\"color: #000000;\">\u00c0 l\u2019occasion du salon Entreprendre dans l&rsquo;Ouest le 25 septembre, Mich\u00e8le Kirry, pr\u00e9f\u00e8te de la r\u00e9gion Bretagne, et Lo\u00efg Chesnais-Girard, pr\u00e9sident du conseil r\u00e9gional de Bretagne, ont sign\u00e9 aupr\u00e8s des partenaires BPI France, BNP Paribas et Caisse d&rsquo;Epargne, <strong>le Plan d&rsquo;Action R\u00e9gional (PAR) Bretagne<\/strong>, pour accompagner l\u2019entrepreneuriat au f\u00e9minin mis en \u0153uvre ensuite par Force Femmes et d\u2019autres acteurs.<\/span><\/h6>\n<p><img loading=\"lazy\" decoding=\"async\" class=\"alignnone size-medium wp-image-18836\" src=\"https:\/\/www.forcefemmes.com\/wp-content\/uploads\/2019\/10\/PAR-1024x768.jpg\" alt=\"\" width=\"450\" height=\"250\" \/> <img loading=\"lazy\" decoding=\"async\" class=\"alignnone size-medium wp-image-18714\" src=\"https:\/\/www.forcefemmes.com\/wp-content\/uploads\/2019\/10\/PAR2-1024x768.jpg\" alt=\"\" width=\"450\" height=\"250\" \/><\/p>\n<h6 style=\"text-align: justify;\"><span style=\"color: #000000;\"><strong>Les 30 septembre et 1e octobre, Force Femmes \u00e9tait pr\u00e9sente au Salon des Micro-Entrepreneurs<\/strong>, au sein du Village des Entrepreneuses de la Caisse d&rsquo;Epargne, entour\u00e9e de 4 autres r\u00e9seaux f\u00e9minins pour soutenir l&rsquo;entrepreneuriat des femmes : Action&rsquo;elles, L-start, Les Premi\u00e8res, G\u00e9n\u00e9ration Startuppeuse.<\/span><\/h6>\n<p>&nbsp;<\/p>\n<h6 style=\"text-align: justify;\"><span style=\"color: #000000;\">Au cours du Salon, Les 5 r\u00e9seaux f\u00e9minins dont Force Femmes ont pris part \u00e0 la conf\u00e9rence \u00ab\u00a0Cr\u00e9atrices d&rsquo;entreprise, pourquoi solliciter un r\u00e9seau d&rsquo;accompagnement pour votre projet ?\u00a0\u00bb<\/span><\/h6>\n<p>&nbsp;<\/p>\n<h6 style=\"text-align: justify;\"><span style=\"color: #000000;\"><em>\u00ab\u00a0L&rsquo;accompagnement comme gage de p\u00e9rennit\u00e9 de votre activit\u00e9\u00a0\u00bb<\/em> Agathe SAVIOZ, Responsable Entreprenariat Ile-de-France<\/span><\/h6>\n<p><img loading=\"lazy\" decoding=\"async\" class=\"alignnone size-medium wp-image-18713\" src=\"https:\/\/www.forcefemmes.com\/wp-content\/uploads\/2019\/10\/BPCE-SME-1361-1-1024x683.jpg\" alt=\"\" width=\"450\" height=\"300\" \/> <img loading=\"lazy\" decoding=\"async\" class=\"alignnone size-medium wp-image-18714\" src=\"https:\/\/www.forcefemmes.com\/wp-content\/uploads\/2019\/10\/BPCE-SME-1424-1024x718.jpg\" alt=\"\" width=\"450\" height=\"200\" \/><\/p>\n","protected":false},"excerpt":{"rendered":"<p>Septembre 2019 &#8211; Les actus en r\u00e9gion Forum de Marseille, premier Job Meeting \u00e0 Bordeaux, signature du Plan d&rsquo;Action R\u00e9gional (PAR) Bretagne, participation au Salon des Micro-Entrepreuneurs de Paris &nbsp; Anne M\u00e9aux, co-fondatrice de Force Femmes ouvrait le 1er forum de Marseille le 13 septembre&#8230;<\/p>\n","protected":false},"author":1,"featured_media":18714,"comment_status":"closed","ping_status":"closed","sticky":false,"template":"","format":"standard","meta":{"footnotes":""},"categories":[143,133,134,130],"tags":[],"class_list":["post-18703","post","type-post","status-publish","format-standard","has-post-thumbnail","hentry","category-antennes","category-bordeaux","category-marseille","category-paris"],"yoast_head":"<!-- This site is optimized with the Yoast SEO Premium plugin v27.0 (Yoast SEO v27.9) - https:\/\/yoast.com\/product\/yoast-seo-premium-wordpress\/ -->\n<title>Septembre 2019 - Les actus en r\u00e9gion | Force Femmes<\/title>\n<meta name=\"robots\" content=\"index, follow, max-snippet:-1, max-image-preview:large, max-video-preview:-1\" \/>\n<link rel=\"canonical\" href=\"https:\/\/www.forcefemmes.com\/?p=18703\" \/>\n<meta property=\"og:locale\" content=\"fr_FR\" \/>\n<meta property=\"og:type\" content=\"article\" \/>\n<meta property=\"og:title\" content=\"Septembre 2019 - Les actus en r\u00e9gion\" \/>\n<meta property=\"og:description\" content=\"Septembre 2019 &#8211; Les actus en r\u00e9gion Forum de Marseille, premier Job Meeting \u00e0 Bordeaux, signature du Plan d&rsquo;Action R\u00e9gional (PAR) Bretagne, participation au Salon des Micro-Entrepreuneurs de Paris &nbsp; Anne M\u00e9aux, co-fondatrice de Force Femmes ouvrait le 1er forum de Marseille le 13 septembre...\" \/>\n<meta property=\"og:url\" content=\"https:\/\/www.forcefemmes.com\/?p=18703\" \/>\n<meta property=\"og:site_name\" content=\"Force Femmes\" \/>\n<meta property=\"article:published_time\" content=\"2019-10-04T12:35:43+00:00\" \/>\n<meta property=\"article:modified_time\" content=\"2024-04-04T13:21:36+00:00\" \/>\n<meta property=\"og:image\" content=\"https:\/\/www.forcefemmes.com\/wp-content\/uploads\/2019\/10\/BPCE-SME-1424.jpg\" \/>\n\t<meta property=\"og:image:width\" content=\"2924\" \/>\n\t<meta property=\"og:image:height\" content=\"2051\" \/>\n\t<meta property=\"og:image:type\" content=\"image\/jpeg\" \/>\n<meta name=\"author\" content=\"info@forcefemmes.com\" \/>\n<meta name=\"twitter:card\" content=\"summary_large_image\" \/>\n<meta name=\"twitter:label1\" content=\"\u00c9crit par\" \/>\n\t<meta name=\"twitter:data1\" content=\"info@forcefemmes.com\" \/>\n\t<meta name=\"twitter:label2\" content=\"Dur\u00e9e de lecture estim\u00e9e\" \/>\n\t<meta name=\"twitter:data2\" content=\"2 minutes\" \/>\n<script type=\"application\/ld+json\" class=\"yoast-schema-graph\">{\"@context\":\"https:\\\/\\\/schema.org\",\"@graph\":[{\"@type\":\"Article\",\"@id\":\"https:\\\/\\\/www.forcefemmes.com\\\/?p=18703#article\",\"isPartOf\":{\"@id\":\"https:\\\/\\\/www.forcefemmes.com\\\/?p=18703\"},\"author\":{\"name\":\"info@forcefemmes.com\",\"@id\":\"https:\\\/\\\/www.forcefemmes.com\\\/#\\\/schema\\\/person\\\/5bbda8a197fcdd46d3de8a8adc540d4f\"},\"headline\":\"Septembre 2019 &#8211; Les actus en r\u00e9gion\",\"datePublished\":\"2019-10-04T12:35:43+00:00\",\"dateModified\":\"2024-04-04T13:21:36+00:00\",\"mainEntityOfPage\":{\"@id\":\"https:\\\/\\\/www.forcefemmes.com\\\/?p=18703\"},\"wordCount\":344,\"image\":{\"@id\":\"https:\\\/\\\/www.forcefemmes.com\\\/?p=18703#primaryimage\"},\"thumbnailUrl\":\"https:\\\/\\\/www.forcefemmes.com\\\/wp-content\\\/uploads\\\/2019\\\/10\\\/BPCE-SME-1424.jpg\",\"articleSection\":[\"Antennes\",\"Bordeaux\",\"Marseille\",\"Paris\"],\"inLanguage\":\"fr-FR\"},{\"@type\":\"WebPage\",\"@id\":\"https:\\\/\\\/www.forcefemmes.com\\\/?p=18703\",\"url\":\"https:\\\/\\\/www.forcefemmes.com\\\/?p=18703\",\"name\":\"Septembre 2019 - Les actus en r\u00e9gion | Force Femmes\",\"isPartOf\":{\"@id\":\"https:\\\/\\\/www.forcefemmes.com\\\/#website\"},\"primaryImageOfPage\":{\"@id\":\"https:\\\/\\\/www.forcefemmes.com\\\/?p=18703#primaryimage\"},\"image\":{\"@id\":\"https:\\\/\\\/www.forcefemmes.com\\\/?p=18703#primaryimage\"},\"thumbnailUrl\":\"https:\\\/\\\/www.forcefemmes.com\\\/wp-content\\\/uploads\\\/2019\\\/10\\\/BPCE-SME-1424.jpg\",\"datePublished\":\"2019-10-04T12:35:43+00:00\",\"dateModified\":\"2024-04-04T13:21:36+00:00\",\"author\":{\"@id\":\"https:\\\/\\\/www.forcefemmes.com\\\/#\\\/schema\\\/person\\\/5bbda8a197fcdd46d3de8a8adc540d4f\"},\"breadcrumb\":{\"@id\":\"https:\\\/\\\/www.forcefemmes.com\\\/?p=18703#breadcrumb\"},\"inLanguage\":\"fr-FR\",\"potentialAction\":[{\"@type\":\"ReadAction\",\"target\":[\"https:\\\/\\\/www.forcefemmes.com\\\/?p=18703\"]}]},{\"@type\":\"ImageObject\",\"inLanguage\":\"fr-FR\",\"@id\":\"https:\\\/\\\/www.forcefemmes.com\\\/?p=18703#primaryimage\",\"url\":\"https:\\\/\\\/www.forcefemmes.com\\\/wp-content\\\/uploads\\\/2019\\\/10\\\/BPCE-SME-1424.jpg\",\"contentUrl\":\"https:\\\/\\\/www.forcefemmes.com\\\/wp-content\\\/uploads\\\/2019\\\/10\\\/BPCE-SME-1424.jpg\",\"width\":2924,\"height\":2051},{\"@type\":\"BreadcrumbList\",\"@id\":\"https:\\\/\\\/www.forcefemmes.com\\\/?p=18703#breadcrumb\",\"itemListElement\":[{\"@type\":\"ListItem\",\"position\":1,\"name\":\"Accueil\",\"item\":\"https:\\\/\\\/www.forcefemmes.com\\\/\"},{\"@type\":\"ListItem\",\"position\":2,\"name\":\"Septembre 2019 &#8211; Les actus en r\u00e9gion\"}]},{\"@type\":\"WebSite\",\"@id\":\"https:\\\/\\\/www.forcefemmes.com\\\/#website\",\"url\":\"https:\\\/\\\/www.forcefemmes.com\\\/\",\"name\":\"Force Femmes\",\"description\":\"Agit pour l&#039;emploi des femmes de plus de 45 ans\",\"potentialAction\":[{\"@type\":\"SearchAction\",\"target\":{\"@type\":\"EntryPoint\",\"urlTemplate\":\"https:\\\/\\\/www.forcefemmes.com\\\/?s={search_term_string}\"},\"query-input\":{\"@type\":\"PropertyValueSpecification\",\"valueRequired\":true,\"valueName\":\"search_term_string\"}}],\"inLanguage\":\"fr-FR\"},{\"@type\":\"Person\",\"@id\":\"https:\\\/\\\/www.forcefemmes.com\\\/#\\\/schema\\\/person\\\/5bbda8a197fcdd46d3de8a8adc540d4f\",\"name\":\"info@forcefemmes.com\",\"image\":{\"@type\":\"ImageObject\",\"inLanguage\":\"fr-FR\",\"@id\":\"https:\\\/\\\/secure.gravatar.com\\\/avatar\\\/59a27199a7c59611639f4688250f25c22dd80de380a1c288192b326a850411a4?s=96&d=mm&r=g\",\"url\":\"https:\\\/\\\/secure.gravatar.com\\\/avatar\\\/59a27199a7c59611639f4688250f25c22dd80de380a1c288192b326a850411a4?s=96&d=mm&r=g\",\"contentUrl\":\"https:\\\/\\\/secure.gravatar.com\\\/avatar\\\/59a27199a7c59611639f4688250f25c22dd80de380a1c288192b326a850411a4?s=96&d=mm&r=g\",\"caption\":\"info@forcefemmes.com\"},\"url\":\"https:\\\/\\\/www.forcefemmes.com\\\/?author=1\"}]}<\/script>\n<!-- \/ Yoast SEO Premium plugin. -->","yoast_head_json":{"title":"Septembre 2019 - Les actus en r\u00e9gion | Force Femmes","robots":{"index":"index","follow":"follow","max-snippet":"max-snippet:-1","max-image-preview":"max-image-preview:large","max-video-preview":"max-video-preview:-1"},"canonical":"https:\/\/www.forcefemmes.com\/?p=18703","og_locale":"fr_FR","og_type":"article","og_title":"Septembre 2019 - Les actus en r\u00e9gion","og_description":"Septembre 2019 &#8211; Les actus en r\u00e9gion Forum de Marseille, premier Job Meeting \u00e0 Bordeaux, signature du Plan d&rsquo;Action R\u00e9gional (PAR) Bretagne, participation au Salon des Micro-Entrepreuneurs de Paris &nbsp; Anne M\u00e9aux, co-fondatrice de Force Femmes ouvrait le 1er forum de Marseille le 13 septembre...","og_url":"https:\/\/www.forcefemmes.com\/?p=18703","og_site_name":"Force Femmes","article_published_time":"2019-10-04T12:35:43+00:00","article_modified_time":"2024-04-04T13:21:36+00:00","og_image":[{"width":2924,"height":2051,"url":"https:\/\/www.forcefemmes.com\/wp-content\/uploads\/2019\/10\/BPCE-SME-1424.jpg","type":"image\/jpeg"}],"author":"info@forcefemmes.com","twitter_card":"summary_large_image","twitter_misc":{"\u00c9crit par":"info@forcefemmes.com","Dur\u00e9e de lecture estim\u00e9e":"2 minutes"},"schema":{"@context":"https:\/\/schema.org","@graph":[{"@type":"Article","@id":"https:\/\/www.forcefemmes.com\/?p=18703#article","isPartOf":{"@id":"https:\/\/www.forcefemmes.com\/?p=18703"},"author":{"name":"info@forcefemmes.com","@id":"https:\/\/www.forcefemmes.com\/#\/schema\/person\/5bbda8a197fcdd46d3de8a8adc540d4f"},"headline":"Septembre 2019 &#8211; Les actus en r\u00e9gion","datePublished":"2019-10-04T12:35:43+00:00","dateModified":"2024-04-04T13:21:36+00:00","mainEntityOfPage":{"@id":"https:\/\/www.forcefemmes.com\/?p=18703"},"wordCount":344,"image":{"@id":"https:\/\/www.forcefemmes.com\/?p=18703#primaryimage"},"thumbnailUrl":"https:\/\/www.forcefemmes.com\/wp-content\/uploads\/2019\/10\/BPCE-SME-1424.jpg","articleSection":["Antennes","Bordeaux","Marseille","Paris"],"inLanguage":"fr-FR"},{"@type":"WebPage","@id":"https:\/\/www.forcefemmes.com\/?p=18703","url":"https:\/\/www.forcefemmes.com\/?p=18703","name":"Septembre 2019 - Les actus en r\u00e9gion | Force Femmes","isPartOf":{"@id":"https:\/\/www.forcefemmes.com\/#website"},"primaryImageOfPage":{"@id":"https:\/\/www.forcefemmes.com\/?p=18703#primaryimage"},"image":{"@id":"https:\/\/www.forcefemmes.com\/?p=18703#primaryimage"},"thumbnailUrl":"https:\/\/www.forcefemmes.com\/wp-content\/uploads\/2019\/10\/BPCE-SME-1424.jpg","datePublished":"2019-10-04T12:35:43+00:00","dateModified":"2024-04-04T13:21:36+00:00","author":{"@id":"https:\/\/www.forcefemmes.com\/#\/schema\/person\/5bbda8a197fcdd46d3de8a8adc540d4f"},"breadcrumb":{"@id":"https:\/\/www.forcefemmes.com\/?p=18703#breadcrumb"},"inLanguage":"fr-FR","potentialAction":[{"@type":"ReadAction","target":["https:\/\/www.forcefemmes.com\/?p=18703"]}]},{"@type":"ImageObject","inLanguage":"fr-FR","@id":"https:\/\/www.forcefemmes.com\/?p=18703#primaryimage","url":"https:\/\/www.forcefemmes.com\/wp-content\/uploads\/2019\/10\/BPCE-SME-1424.jpg","contentUrl":"https:\/\/www.forcefemmes.com\/wp-content\/uploads\/2019\/10\/BPCE-SME-1424.jpg","width":2924,"height":2051},{"@type":"BreadcrumbList","@id":"https:\/\/www.forcefemmes.com\/?p=18703#breadcrumb","itemListElement":[{"@type":"ListItem","position":1,"name":"Accueil","item":"https:\/\/www.forcefemmes.com\/"},{"@type":"ListItem","position":2,"name":"Septembre 2019 &#8211; Les actus en r\u00e9gion"}]},{"@type":"WebSite","@id":"https:\/\/www.forcefemmes.com\/#website","url":"https:\/\/www.forcefemmes.com\/","name":"Force Femmes","description":"Agit pour l&#039;emploi des femmes de plus de 45 ans","potentialAction":[{"@type":"SearchAction","target":{"@type":"EntryPoint","urlTemplate":"https:\/\/www.forcefemmes.com\/?s={search_term_string}"},"query-input":{"@type":"PropertyValueSpecification","valueRequired":true,"valueName":"search_term_string"}}],"inLanguage":"fr-FR"},{"@type":"Person","@id":"https:\/\/www.forcefemmes.com\/#\/schema\/person\/5bbda8a197fcdd46d3de8a8adc540d4f","name":"info@forcefemmes.com","image":{"@type":"ImageObject","inLanguage":"fr-FR","@id":"https:\/\/secure.gravatar.com\/avatar\/59a27199a7c59611639f4688250f25c22dd80de380a1c288192b326a850411a4?s=96&d=mm&r=g","url":"https:\/\/secure.gravatar.com\/avatar\/59a27199a7c59611639f4688250f25c22dd80de380a1c288192b326a850411a4?s=96&d=mm&r=g","contentUrl":"https:\/\/secure.gravatar.com\/avatar\/59a27199a7c59611639f4688250f25c22dd80de380a1c288192b326a850411a4?s=96&d=mm&r=g","caption":"info@forcefemmes.com"},"url":"https:\/\/www.forcefemmes.com\/?author=1"}]}},"_links":{"self":[{"href":"https:\/\/www.forcefemmes.com\/index.php?rest_route=\/wp\/v2\/posts\/18703","targetHints":{"allow":["GET"]}}],"collection":[{"href":"https:\/\/www.forcefemmes.com\/index.php?rest_route=\/wp\/v2\/posts"}],"about":[{"href":"https:\/\/www.forcefemmes.com\/index.php?rest_route=\/wp\/v2\/types\/post"}],"author":[{"embeddable":true,"href":"https:\/\/www.forcefemmes.com\/index.php?rest_route=\/wp\/v2\/users\/1"}],"replies":[{"embeddable":true,"href":"https:\/\/www.forcefemmes.com\/index.php?rest_route=%2Fwp%2Fv2%2Fcomments&post=18703"}],"version-history":[{"count":20,"href":"https:\/\/www.forcefemmes.com\/index.php?rest_route=\/wp\/v2\/posts\/18703\/revisions"}],"predecessor-version":[{"id":22480,"href":"https:\/\/www.forcefemmes.com\/index.php?rest_route=\/wp\/v2\/posts\/18703\/revisions\/22480"}],"wp:featuredmedia":[{"embeddable":true,"href":"https:\/\/www.forcefemmes.com\/index.php?rest_route=\/wp\/v2\/media\/18714"}],"wp:attachment":[{"href":"https:\/\/www.forcefemmes.com\/index.php?rest_route=%2Fwp%2Fv2%2Fmedia&parent=18703"}],"wp:term":[{"taxonomy":"category","embeddable":true,"href":"https:\/\/www.forcefemmes.com\/index.php?rest_route=%2Fwp%2Fv2%2Fcategories&post=18703"},{"taxonomy":"post_tag","embeddable":true,"href":"https:\/\/www.forcefemmes.com\/index.php?rest_route=%2Fwp%2Fv2%2Ftags&post=18703"}],"curies":[{"name":"wp","href":"https:\/\/api.w.org\/{rel}","templated":true}]}}