{"id":19642,"date":"2020-12-23T10:45:08","date_gmt":"2020-12-23T09:45:08","guid":{"rendered":"http:\/\/www.forcefemmes.com\/?p=19642"},"modified":"2024-04-04T15:07:43","modified_gmt":"2024-04-04T13:07:43","slug":"oct-dec-2020-les-actus-en-region","status":"publish","type":"post","link":"https:\/\/www.forcefemmes.com\/?p=19642","title":{"rendered":"Oct-Dec 2020 Les actus en r\u00e9gion"},"content":{"rendered":"<h1>Oct-Dec 2020 Les actus en r\u00e9gion<\/h1>\n<p>&nbsp;<\/p>\n<p><span style=\"color: #800080;\"><strong>BON VENT &#8230;!<\/strong><\/span><\/p>\n<p>Une<img decoding=\"async\" class=\"wp-image-19647 alignleft\" src=\"https:\/\/www.forcefemmes.com\/wp-content\/uploads\/2020\/11\/Estelle-Tranchard.jpeg\" alt=\"\" width=\"182\" height=\"241\" srcset=\"https:\/\/www.forcefemmes.com\/wp-content\/uploads\/2020\/11\/Estelle-Tranchard.jpeg 450w, https:\/\/www.forcefemmes.com\/wp-content\/uploads\/2020\/11\/Estelle-Tranchard-227x300.jpeg 227w\" sizes=\"(max-width: 182px) 100vw, 182px\" \/>\u00a0nouvelle d\u00e9l\u00e9gu\u00e9e d&rsquo;antenne nous rejoint dans l&rsquo;aventure Force Femmes \u00e0 Caen. Estelle Tranchard remplace Fran\u00e7oise Roman d&rsquo;Amat en tant que responsable de l&rsquo;antenne. Merci pour son engagement et de sa disponibilit\u00e9 en tant que b\u00e9n\u00e9vole.<\/p>\n<p><span style=\"color: #000000;\">Nous\u00a0remercions sinc\u00e8rement Fran\u00e7oise Roman d&rsquo;Amat, d\u00e9l\u00e9gu\u00e9e\u00a0d&rsquo;antenne \u00e0 Caen\u00a0et Coralie Schmitt, d\u00e9l\u00e9gu\u00e9e d&rsquo;antenne \u00e0 Nantes de leur engagement et de leur dynamique implication dans le d\u00e9veloppement\u00a0territorial de leurs antennes respectives . Elles resten<\/span><span style=\"color: #000000;\">t n\u00e9anmoins,\u00a0parmi nous en tant que b\u00e9n\u00e9vole et\u00a0continueront \u00e0 accompagner\u00a0des candidates dans leurs d\u00e9marches de retour \u00e0 l&#8217;emploi.<\/span><\/p>\n<p>&nbsp;<\/p>\n<p><em>\u00a0 \u00a0 \u00a0 Estelle <span style=\"color: #800080;\">TRANCHARD<\/span><\/em><\/p>\n<p><span style=\"color: #800080;\"><strong>BIENVENUE !\u00a0<\/strong><\/span><\/p>\n<p><span style=\"color: #000000;\">Bienvenue \u00e0 Sophie Fenot qui devient la nouvelle d\u00e9l\u00e9gu\u00e9e\u00a0g\u00e9n\u00e9rale de l&rsquo;association Force Femmes. Elle a \u00e0\u00a0coeur de mener \u00e0\u00a0bien les d\u00e9fis\u00a0strat\u00e9giques\u00a0de demain\u00a0pour accompagner le d\u00e9veloppement de l&rsquo;association et \u00eatre toujours\u00a0plus en phase avec les besoins d&rsquo;accompagnement de femmes sans emploi confront\u00e9 aux r\u00e9alit\u00e9s du\u00a0march\u00e9 du travail.<\/span><\/p>\n<p><span style=\"color: #000000;\"><img decoding=\"async\" class=\"wp-image-19623 alignleft\" src=\"https:\/\/www.forcefemmes.com\/wp-content\/uploads\/2020\/11\/carolinegaland.jpeg\" alt=\"\" width=\"185\" height=\"185\" srcset=\"https:\/\/www.forcefemmes.com\/wp-content\/uploads\/2020\/11\/carolinegaland.jpeg 328w, https:\/\/www.forcefemmes.com\/wp-content\/uploads\/2020\/11\/carolinegaland-150x150.jpeg 150w, https:\/\/www.forcefemmes.com\/wp-content\/uploads\/2020\/11\/carolinegaland-300x300.jpeg 300w\" sizes=\"(max-width: 185px) 100vw, 185px\" \/><\/span><\/p>\n<p><span style=\"color: #000000;\">Bienvenue \u00e0 Caroline Galand\u00a0qui remplace temporairement Camille Jean\u00a0au poste de Responsable du D\u00e9veloppement Territorial Sud. Elle a\u00a0\u00e0 charge la gestion, la coordination et l\u2019animation des antennes du Sud\u00a0aux c\u00f4t\u00e9s des D\u00e9l\u00e9gu\u00e9es d\u2019antennes et des coordinatrices\u00a0engag\u00e9es en local.<\/span><\/p>\n<p>&nbsp;<\/p>\n<p>&nbsp;<\/p>\n<p>&nbsp;<\/p>\n<p style=\"padding-left: 30px;\"><em>Caroline <span style=\"color: #800080;\">GALAND<\/span><\/em><\/p>\n<p><span style=\"color: #800080;\"><strong>ACTUS PARIS \u2014 UNE PREMI\u00c8RE JOURN\u00c9E DE M\u00c9C\u00c9NAT AVEC ALLIANZ SOUS LE SIGNE DU PLAISIR (15 octobre 2020)\u00a0<\/strong><\/span><\/p>\n<p><img fetchpriority=\"high\" decoding=\"async\" class=\" wp-image-19690 alignleft\" src=\"https:\/\/www.forcefemmes.com\/wp-content\/uploads\/2020\/12\/Sans-titre.png\" alt=\"\" width=\"320\" height=\"180\" srcset=\"https:\/\/www.forcefemmes.com\/wp-content\/uploads\/2020\/12\/Sans-titre.png 587w, https:\/\/www.forcefemmes.com\/wp-content\/uploads\/2020\/12\/Sans-titre-300x168.png 300w, https:\/\/www.forcefemmes.com\/wp-content\/uploads\/2020\/12\/Sans-titre-539x303.png 539w\" sizes=\"(max-width: 320px) 100vw, 320px\" \/><span style=\"color: #000000;\">Le 15 octobre dernier, 8 collaborateur.trice.s de chez Allianz ont contribu\u00e9 avec un grand enthousiasme \u00e0 une journ\u00e9e solidaire en offrant des entretiens conseil de diverses natures au femmes accompagn\u00e9es vers l\u2019emploi (sur le projet, la formation, les r\u00e9seaux sociaux, le pitch ou la simulation d\u2019entretien).<\/span><\/p>\n<p><span style=\"color: #000000;\">\u00ab\u00a0\u00c7a<em> m\u2019a donn\u00e9 la confiance en moi. \u00c7a m\u2019a permis de relativiser ma situation actuelle au lieu de me culpabiliser. J\u2019ai eu du courage pour rebondir\u00a0<\/em>\u00bb souligne une candidate participante.<\/span><\/p>\n<p><span style=\"color: #000000;\">Cette action marque un beau tremplin vers des liens de partenariat \u00e0 consolider entre Force Femmes et Allianz. Certain.e.s participant.e.s ont notamment souhait\u00e9 poursuivre leur collaboration en devenant b\u00e9n\u00e9voles r\u00e9guliers. Bienvenue \u00e0 elles et eux\u00a0!<\/span><\/p>\n<p><span style=\"color: #800080;\"><strong>UNE NOUVELLE JOURN\u00c9E SOLIDAIRE AVEC MOODY&rsquo;S (9 novembre 2020)<\/strong><\/span><\/p>\n<p><span style=\"color: #000000;\">Pour la 3<sup>\u00e8me<\/sup> fois cette ann\u00e9e, nos fid\u00e8les b\u00e9n\u00e9voles de chez Moody\u2019s nous ont fait le plaisir de d\u00e9dier une journ\u00e9e \u00e0 la conduite de simulations d\u2019entretien en anglais le 9 novembre dernier. Au-del\u00e0 de l\u2019int\u00e9r\u00eat de pratiquer son anglais dans un cadre bienveillant, une candidate mentionne avoir aussi appr\u00e9ci\u00e9 \u00ab\u00a0<em>avoir un regard externe autre que celui de la personne qui nous suit chez Force Femmes et qui conna\u00eet notre histoire\u00a0<\/em>\u00bb.<\/span><\/p>\n<p><span style=\"color: #800080;\"><strong>UNE SEMAINE D&rsquo;ENGAGEMENT POUR HENKEL (d\u00e9cembre 2020)<\/strong><\/span><\/p>\n<p><span style=\"color: #000000;\">La semaine du 7 d\u00e9cembre, une douzaine d\u2019experts des ressources humaines issus de la maison Henkel se sont impliqu\u00e9s dans la tenue d\u2019entretiens ayant b\u00e9n\u00e9fici\u00e9 \u00e0 14 femmes de Paris. En commen\u00e7ant par la r\u00e9vision du CV, ils ont pu aborder la m\u00e9thode de recherche et aller jusqu\u2019\u00e0 la simulation d\u2019entretien. A l\u2019heure du bilan, la satisfaction mutuelle \u00e9tait palpable. Une candidate f\u00e9licite notamment \u00ab\u00a0<em>C\u2019\u00e9tait tr\u00e8s enrichissant. Pas de langue de bois. De vrais conseils. J\u2019ai pu voir ce qui coin\u00e7ait en entretien\u00a0<\/em>\u00bb.<\/span><\/p>\n<p><span style=\"color: #000000;\">Un RH appr\u00e9cie quant \u00e0 lui \u00ab\u00a0<em>Il y a beaucoup d\u2019humilit\u00e9 chez ces femmes. Elles savent ce qui leur manque pour concr\u00e9tiser leur projet. Elles acceptent et conscientisent. Elles sont tr\u00e8s volontaires<\/em>\u00a0\u00bb.<\/span><\/p>\n<p>&nbsp;<\/p>\n<p>&nbsp;<\/p>\n<p><strong>\u00a0<\/strong><\/p>\n","protected":false},"excerpt":{"rendered":"<p>Oct-Dec 2020 Les actus en r\u00e9gion &nbsp; BON VENT &#8230;! Une\u00a0nouvelle d\u00e9l\u00e9gu\u00e9e d&rsquo;antenne nous rejoint dans l&rsquo;aventure Force Femmes \u00e0 Caen. Estelle Tranchard remplace Fran\u00e7oise Roman d&rsquo;Amat en tant que responsable de l&rsquo;antenne. Merci pour son engagement et de sa disponibilit\u00e9 en tant que b\u00e9n\u00e9vole&#8230;.<\/p>\n","protected":false},"author":1,"featured_media":19723,"comment_status":"closed","ping_status":"closed","sticky":false,"template":"","format":"standard","meta":{"footnotes":""},"categories":[143,134,130],"tags":[],"class_list":["post-19642","post","type-post","status-publish","format-standard","has-post-thumbnail","hentry","category-antennes","category-marseille","category-paris"],"yoast_head":"<!-- This site is optimized with the Yoast SEO Premium plugin v27.0 (Yoast SEO v27.9) - https:\/\/yoast.com\/product\/yoast-seo-premium-wordpress\/ -->\n<title>Oct-Dec 2020 Les actus en r\u00e9gion | Force Femmes<\/title>\n<meta name=\"robots\" content=\"index, follow, max-snippet:-1, max-image-preview:large, max-video-preview:-1\" \/>\n<link rel=\"canonical\" href=\"https:\/\/www.forcefemmes.com\/?p=19642\" \/>\n<meta property=\"og:locale\" content=\"fr_FR\" \/>\n<meta property=\"og:type\" content=\"article\" \/>\n<meta property=\"og:title\" content=\"Oct-Dec 2020 Les actus en r\u00e9gion\" \/>\n<meta property=\"og:description\" content=\"Oct-Dec 2020 Les actus en r\u00e9gion &nbsp; BON VENT &#8230;! Une\u00a0nouvelle d\u00e9l\u00e9gu\u00e9e d&rsquo;antenne nous rejoint dans l&rsquo;aventure Force Femmes \u00e0 Caen. Estelle Tranchard remplace Fran\u00e7oise Roman d&rsquo;Amat en tant que responsable de l&rsquo;antenne. Merci pour son engagement et de sa disponibilit\u00e9 en tant que b\u00e9n\u00e9vole....\" \/>\n<meta property=\"og:url\" content=\"https:\/\/www.forcefemmes.com\/?p=19642\" \/>\n<meta property=\"og:site_name\" content=\"Force Femmes\" \/>\n<meta property=\"article:published_time\" content=\"2020-12-23T09:45:08+00:00\" \/>\n<meta property=\"article:modified_time\" content=\"2024-04-04T13:07:43+00:00\" \/>\n<meta property=\"og:image\" content=\"https:\/\/www.forcefemmes.com\/wp-content\/uploads\/2020\/12\/ForceFemmes-Logo-copie.png\" \/>\n\t<meta property=\"og:image:width\" content=\"4357\" \/>\n\t<meta property=\"og:image:height\" content=\"3000\" \/>\n\t<meta property=\"og:image:type\" content=\"image\/png\" \/>\n<meta name=\"author\" content=\"info@forcefemmes.com\" \/>\n<meta name=\"twitter:card\" content=\"summary_large_image\" \/>\n<meta name=\"twitter:label1\" content=\"\u00c9crit par\" \/>\n\t<meta name=\"twitter:data1\" content=\"info@forcefemmes.com\" \/>\n\t<meta name=\"twitter:label2\" content=\"Dur\u00e9e de lecture estim\u00e9e\" \/>\n\t<meta name=\"twitter:data2\" content=\"3 minutes\" \/>\n<script type=\"application\/ld+json\" class=\"yoast-schema-graph\">{\"@context\":\"https:\\\/\\\/schema.org\",\"@graph\":[{\"@type\":\"Article\",\"@id\":\"https:\\\/\\\/www.forcefemmes.com\\\/?p=19642#article\",\"isPartOf\":{\"@id\":\"https:\\\/\\\/www.forcefemmes.com\\\/?p=19642\"},\"author\":{\"name\":\"info@forcefemmes.com\",\"@id\":\"https:\\\/\\\/www.forcefemmes.com\\\/#\\\/schema\\\/person\\\/5bbda8a197fcdd46d3de8a8adc540d4f\"},\"headline\":\"Oct-Dec 2020 Les actus en r\u00e9gion\",\"datePublished\":\"2020-12-23T09:45:08+00:00\",\"dateModified\":\"2024-04-04T13:07:43+00:00\",\"mainEntityOfPage\":{\"@id\":\"https:\\\/\\\/www.forcefemmes.com\\\/?p=19642\"},\"wordCount\":625,\"image\":{\"@id\":\"https:\\\/\\\/www.forcefemmes.com\\\/?p=19642#primaryimage\"},\"thumbnailUrl\":\"https:\\\/\\\/www.forcefemmes.com\\\/wp-content\\\/uploads\\\/2020\\\/12\\\/ForceFemmes-Logo-copie.png\",\"articleSection\":[\"Antennes\",\"Marseille\",\"Paris\"],\"inLanguage\":\"fr-FR\"},{\"@type\":\"WebPage\",\"@id\":\"https:\\\/\\\/www.forcefemmes.com\\\/?p=19642\",\"url\":\"https:\\\/\\\/www.forcefemmes.com\\\/?p=19642\",\"name\":\"Oct-Dec 2020 Les actus en r\u00e9gion | Force Femmes\",\"isPartOf\":{\"@id\":\"https:\\\/\\\/www.forcefemmes.com\\\/#website\"},\"primaryImageOfPage\":{\"@id\":\"https:\\\/\\\/www.forcefemmes.com\\\/?p=19642#primaryimage\"},\"image\":{\"@id\":\"https:\\\/\\\/www.forcefemmes.com\\\/?p=19642#primaryimage\"},\"thumbnailUrl\":\"https:\\\/\\\/www.forcefemmes.com\\\/wp-content\\\/uploads\\\/2020\\\/12\\\/ForceFemmes-Logo-copie.png\",\"datePublished\":\"2020-12-23T09:45:08+00:00\",\"dateModified\":\"2024-04-04T13:07:43+00:00\",\"author\":{\"@id\":\"https:\\\/\\\/www.forcefemmes.com\\\/#\\\/schema\\\/person\\\/5bbda8a197fcdd46d3de8a8adc540d4f\"},\"breadcrumb\":{\"@id\":\"https:\\\/\\\/www.forcefemmes.com\\\/?p=19642#breadcrumb\"},\"inLanguage\":\"fr-FR\",\"potentialAction\":[{\"@type\":\"ReadAction\",\"target\":[\"https:\\\/\\\/www.forcefemmes.com\\\/?p=19642\"]}]},{\"@type\":\"ImageObject\",\"inLanguage\":\"fr-FR\",\"@id\":\"https:\\\/\\\/www.forcefemmes.com\\\/?p=19642#primaryimage\",\"url\":\"https:\\\/\\\/www.forcefemmes.com\\\/wp-content\\\/uploads\\\/2020\\\/12\\\/ForceFemmes-Logo-copie.png\",\"contentUrl\":\"https:\\\/\\\/www.forcefemmes.com\\\/wp-content\\\/uploads\\\/2020\\\/12\\\/ForceFemmes-Logo-copie.png\",\"width\":4357,\"height\":3000},{\"@type\":\"BreadcrumbList\",\"@id\":\"https:\\\/\\\/www.forcefemmes.com\\\/?p=19642#breadcrumb\",\"itemListElement\":[{\"@type\":\"ListItem\",\"position\":1,\"name\":\"Accueil\",\"item\":\"https:\\\/\\\/www.forcefemmes.com\\\/\"},{\"@type\":\"ListItem\",\"position\":2,\"name\":\"Oct-Dec 2020 Les actus en r\u00e9gion\"}]},{\"@type\":\"WebSite\",\"@id\":\"https:\\\/\\\/www.forcefemmes.com\\\/#website\",\"url\":\"https:\\\/\\\/www.forcefemmes.com\\\/\",\"name\":\"Force Femmes\",\"description\":\"Agit pour l&#039;emploi des femmes de plus de 45 ans\",\"potentialAction\":[{\"@type\":\"SearchAction\",\"target\":{\"@type\":\"EntryPoint\",\"urlTemplate\":\"https:\\\/\\\/www.forcefemmes.com\\\/?s={search_term_string}\"},\"query-input\":{\"@type\":\"PropertyValueSpecification\",\"valueRequired\":true,\"valueName\":\"search_term_string\"}}],\"inLanguage\":\"fr-FR\"},{\"@type\":\"Person\",\"@id\":\"https:\\\/\\\/www.forcefemmes.com\\\/#\\\/schema\\\/person\\\/5bbda8a197fcdd46d3de8a8adc540d4f\",\"name\":\"info@forcefemmes.com\",\"image\":{\"@type\":\"ImageObject\",\"inLanguage\":\"fr-FR\",\"@id\":\"https:\\\/\\\/secure.gravatar.com\\\/avatar\\\/59a27199a7c59611639f4688250f25c22dd80de380a1c288192b326a850411a4?s=96&d=mm&r=g\",\"url\":\"https:\\\/\\\/secure.gravatar.com\\\/avatar\\\/59a27199a7c59611639f4688250f25c22dd80de380a1c288192b326a850411a4?s=96&d=mm&r=g\",\"contentUrl\":\"https:\\\/\\\/secure.gravatar.com\\\/avatar\\\/59a27199a7c59611639f4688250f25c22dd80de380a1c288192b326a850411a4?s=96&d=mm&r=g\",\"caption\":\"info@forcefemmes.com\"},\"url\":\"https:\\\/\\\/www.forcefemmes.com\\\/?author=1\"}]}<\/script>\n<!-- \/ Yoast SEO Premium plugin. -->","yoast_head_json":{"title":"Oct-Dec 2020 Les actus en r\u00e9gion | Force Femmes","robots":{"index":"index","follow":"follow","max-snippet":"max-snippet:-1","max-image-preview":"max-image-preview:large","max-video-preview":"max-video-preview:-1"},"canonical":"https:\/\/www.forcefemmes.com\/?p=19642","og_locale":"fr_FR","og_type":"article","og_title":"Oct-Dec 2020 Les actus en r\u00e9gion","og_description":"Oct-Dec 2020 Les actus en r\u00e9gion &nbsp; BON VENT &#8230;! Une\u00a0nouvelle d\u00e9l\u00e9gu\u00e9e d&rsquo;antenne nous rejoint dans l&rsquo;aventure Force Femmes \u00e0 Caen. Estelle Tranchard remplace Fran\u00e7oise Roman d&rsquo;Amat en tant que responsable de l&rsquo;antenne. Merci pour son engagement et de sa disponibilit\u00e9 en tant que b\u00e9n\u00e9vole....","og_url":"https:\/\/www.forcefemmes.com\/?p=19642","og_site_name":"Force Femmes","article_published_time":"2020-12-23T09:45:08+00:00","article_modified_time":"2024-04-04T13:07:43+00:00","og_image":[{"width":4357,"height":3000,"url":"https:\/\/www.forcefemmes.com\/wp-content\/uploads\/2020\/12\/ForceFemmes-Logo-copie.png","type":"image\/png"}],"author":"info@forcefemmes.com","twitter_card":"summary_large_image","twitter_misc":{"\u00c9crit par":"info@forcefemmes.com","Dur\u00e9e de lecture estim\u00e9e":"3 minutes"},"schema":{"@context":"https:\/\/schema.org","@graph":[{"@type":"Article","@id":"https:\/\/www.forcefemmes.com\/?p=19642#article","isPartOf":{"@id":"https:\/\/www.forcefemmes.com\/?p=19642"},"author":{"name":"info@forcefemmes.com","@id":"https:\/\/www.forcefemmes.com\/#\/schema\/person\/5bbda8a197fcdd46d3de8a8adc540d4f"},"headline":"Oct-Dec 2020 Les actus en r\u00e9gion","datePublished":"2020-12-23T09:45:08+00:00","dateModified":"2024-04-04T13:07:43+00:00","mainEntityOfPage":{"@id":"https:\/\/www.forcefemmes.com\/?p=19642"},"wordCount":625,"image":{"@id":"https:\/\/www.forcefemmes.com\/?p=19642#primaryimage"},"thumbnailUrl":"https:\/\/www.forcefemmes.com\/wp-content\/uploads\/2020\/12\/ForceFemmes-Logo-copie.png","articleSection":["Antennes","Marseille","Paris"],"inLanguage":"fr-FR"},{"@type":"WebPage","@id":"https:\/\/www.forcefemmes.com\/?p=19642","url":"https:\/\/www.forcefemmes.com\/?p=19642","name":"Oct-Dec 2020 Les actus en r\u00e9gion | Force Femmes","isPartOf":{"@id":"https:\/\/www.forcefemmes.com\/#website"},"primaryImageOfPage":{"@id":"https:\/\/www.forcefemmes.com\/?p=19642#primaryimage"},"image":{"@id":"https:\/\/www.forcefemmes.com\/?p=19642#primaryimage"},"thumbnailUrl":"https:\/\/www.forcefemmes.com\/wp-content\/uploads\/2020\/12\/ForceFemmes-Logo-copie.png","datePublished":"2020-12-23T09:45:08+00:00","dateModified":"2024-04-04T13:07:43+00:00","author":{"@id":"https:\/\/www.forcefemmes.com\/#\/schema\/person\/5bbda8a197fcdd46d3de8a8adc540d4f"},"breadcrumb":{"@id":"https:\/\/www.forcefemmes.com\/?p=19642#breadcrumb"},"inLanguage":"fr-FR","potentialAction":[{"@type":"ReadAction","target":["https:\/\/www.forcefemmes.com\/?p=19642"]}]},{"@type":"ImageObject","inLanguage":"fr-FR","@id":"https:\/\/www.forcefemmes.com\/?p=19642#primaryimage","url":"https:\/\/www.forcefemmes.com\/wp-content\/uploads\/2020\/12\/ForceFemmes-Logo-copie.png","contentUrl":"https:\/\/www.forcefemmes.com\/wp-content\/uploads\/2020\/12\/ForceFemmes-Logo-copie.png","width":4357,"height":3000},{"@type":"BreadcrumbList","@id":"https:\/\/www.forcefemmes.com\/?p=19642#breadcrumb","itemListElement":[{"@type":"ListItem","position":1,"name":"Accueil","item":"https:\/\/www.forcefemmes.com\/"},{"@type":"ListItem","position":2,"name":"Oct-Dec 2020 Les actus en r\u00e9gion"}]},{"@type":"WebSite","@id":"https:\/\/www.forcefemmes.com\/#website","url":"https:\/\/www.forcefemmes.com\/","name":"Force Femmes","description":"Agit pour l&#039;emploi des femmes de plus de 45 ans","potentialAction":[{"@type":"SearchAction","target":{"@type":"EntryPoint","urlTemplate":"https:\/\/www.forcefemmes.com\/?s={search_term_string}"},"query-input":{"@type":"PropertyValueSpecification","valueRequired":true,"valueName":"search_term_string"}}],"inLanguage":"fr-FR"},{"@type":"Person","@id":"https:\/\/www.forcefemmes.com\/#\/schema\/person\/5bbda8a197fcdd46d3de8a8adc540d4f","name":"info@forcefemmes.com","image":{"@type":"ImageObject","inLanguage":"fr-FR","@id":"https:\/\/secure.gravatar.com\/avatar\/59a27199a7c59611639f4688250f25c22dd80de380a1c288192b326a850411a4?s=96&d=mm&r=g","url":"https:\/\/secure.gravatar.com\/avatar\/59a27199a7c59611639f4688250f25c22dd80de380a1c288192b326a850411a4?s=96&d=mm&r=g","contentUrl":"https:\/\/secure.gravatar.com\/avatar\/59a27199a7c59611639f4688250f25c22dd80de380a1c288192b326a850411a4?s=96&d=mm&r=g","caption":"info@forcefemmes.com"},"url":"https:\/\/www.forcefemmes.com\/?author=1"}]}},"_links":{"self":[{"href":"https:\/\/www.forcefemmes.com\/index.php?rest_route=\/wp\/v2\/posts\/19642","targetHints":{"allow":["GET"]}}],"collection":[{"href":"https:\/\/www.forcefemmes.com\/index.php?rest_route=\/wp\/v2\/posts"}],"about":[{"href":"https:\/\/www.forcefemmes.com\/index.php?rest_route=\/wp\/v2\/types\/post"}],"author":[{"embeddable":true,"href":"https:\/\/www.forcefemmes.com\/index.php?rest_route=\/wp\/v2\/users\/1"}],"replies":[{"embeddable":true,"href":"https:\/\/www.forcefemmes.com\/index.php?rest_route=%2Fwp%2Fv2%2Fcomments&post=19642"}],"version-history":[{"count":25,"href":"https:\/\/www.forcefemmes.com\/index.php?rest_route=\/wp\/v2\/posts\/19642\/revisions"}],"predecessor-version":[{"id":22452,"href":"https:\/\/www.forcefemmes.com\/index.php?rest_route=\/wp\/v2\/posts\/19642\/revisions\/22452"}],"wp:featuredmedia":[{"embeddable":true,"href":"https:\/\/www.forcefemmes.com\/index.php?rest_route=\/wp\/v2\/media\/19723"}],"wp:attachment":[{"href":"https:\/\/www.forcefemmes.com\/index.php?rest_route=%2Fwp%2Fv2%2Fmedia&parent=19642"}],"wp:term":[{"taxonomy":"category","embeddable":true,"href":"https:\/\/www.forcefemmes.com\/index.php?rest_route=%2Fwp%2Fv2%2Fcategories&post=19642"},{"taxonomy":"post_tag","embeddable":true,"href":"https:\/\/www.forcefemmes.com\/index.php?rest_route=%2Fwp%2Fv2%2Ftags&post=19642"}],"curies":[{"name":"wp","href":"https:\/\/api.w.org\/{rel}","templated":true}]}}