{"id":20189,"date":"2021-10-20T17:39:23","date_gmt":"2021-10-20T15:39:23","guid":{"rendered":"https:\/\/www.forcefemmes.com\/?p=20189"},"modified":"2024-04-04T09:52:53","modified_gmt":"2024-04-04T07:52:53","slug":"podcast-oser-a-45-ans","status":"publish","type":"post","link":"https:\/\/www.forcefemmes.com\/?p=20189","title":{"rendered":"Podcast \u00ab\u00a0Oser \u00e0 45 ans\u00a0\u00bb"},"content":{"rendered":"<h1>\u00ab\u00a0Oser \u00e0 45 ans\u00a0\u00bb<\/h1>\n<h6><\/h6>\n<h6><span style=\"color: #000000;\">Quelle joie de vous annoncer que nous lan\u00e7ons cette semaine une mini-s\u00e9rie de podcasts intitul\u00e9e \u00ab\u00a0Oser \u00e0 45 ans\u00a0\u00bb, en partenariat avec<\/span>\u00a0<span style=\"text-decoration: underline;\"><span style=\"color: #800080;\"><a style=\"color: #800080; text-decoration: underline;\" href=\"https:\/\/www.linkedin.com\/feed\/hashtag\/?keywords=lesd%C3%A9viations&amp;highlightedUpdateUrns=urn%3Ali%3Aactivity%3A6848903410138263552\">#LesD\u00e9viations<\/a><\/span><\/span>\u00a0! ??<\/h6>\n<p>&nbsp;<\/p>\n<h6><span style=\"color: #000000;\"><img fetchpriority=\"high\" decoding=\"async\" class=\" wp-image-20190 alignleft\" src=\"https:\/\/www.forcefemmes.com\/wp-content\/uploads\/2021\/10\/A-mettre-dans-larticle-podcasts.jpeg\" alt=\"\" width=\"280\" height=\"280\" srcset=\"https:\/\/www.forcefemmes.com\/wp-content\/uploads\/2021\/10\/A-mettre-dans-larticle-podcasts.jpeg 900w, https:\/\/www.forcefemmes.com\/wp-content\/uploads\/2021\/10\/A-mettre-dans-larticle-podcasts-300x300.jpeg 300w, https:\/\/www.forcefemmes.com\/wp-content\/uploads\/2021\/10\/A-mettre-dans-larticle-podcasts-150x150.jpeg 150w, https:\/\/www.forcefemmes.com\/wp-content\/uploads\/2021\/10\/A-mettre-dans-larticle-podcasts-768x768.jpeg 768w, https:\/\/www.forcefemmes.com\/wp-content\/uploads\/2021\/10\/A-mettre-dans-larticle-podcasts-570x570.jpeg 570w, https:\/\/www.forcefemmes.com\/wp-content\/uploads\/2021\/10\/A-mettre-dans-larticle-podcasts-500x500.jpeg 500w, https:\/\/www.forcefemmes.com\/wp-content\/uploads\/2021\/10\/A-mettre-dans-larticle-podcasts-700x700.jpeg 700w\" sizes=\"(max-width: 280px) 100vw, 280px\" \/>A travers 6 \u00e9pisodes in\u00e9dits, nous vous emmenons sur les pas de 6 femmes aux exp\u00e9riences plurielles.\u00a0<\/span><br \/>\n<span style=\"color: #000000;\">Qu&rsquo;elles soient salari\u00e9es ou ind\u00e9pendantes, ce sont autant de parcours de vie inspirants qui t\u00e9moignent de toute l&rsquo;audace, la cr\u00e9ativit\u00e9 et la r\u00e9silience qu&rsquo;elles ont su d\u00e9ployer pour \u00e9crire la suite<\/span> ??\u200d?<\/h6>\n<p>&nbsp;<\/p>\n<h6><span style=\"color: #000000;\">Avec un ton \u00e0 la fois r\u00e9aliste mais toujours optimiste, nous esp\u00e9rons que leurs voix sauront faire bouger les st\u00e9r\u00e9otypes encore tenaces \u00e0 l&rsquo;\u00e9gard des femmes et notamment seniors dans la sph\u00e8re professionnelle. Elles ont tant \u00e0 apporter !<\/span> ??\u200d\u2640\ufe0f<\/h6>\n<p>&nbsp;<\/p>\n<h6><span style=\"color: #000000;\">Pour ce tout premier \u00e9pisode, retrouvez la p\u00e9tillante\u00a0<\/span><span style=\"text-decoration: underline;\"><span style=\"color: #800080;\"><a style=\"color: #800080; text-decoration: underline;\" href=\"https:\/\/www.linkedin.com\/in\/ACoAACF_Je4BlciJfG5nBY5iPuP198DwUkRJLto\">Anne Savignard<\/a><\/span><\/span>, <span style=\"color: #000000;\">ing\u00e9nieure de formation, qui s&rsquo;est lanc\u00e9e \u00e0 l&rsquo;aube de ses 50 ans dans le brassage de<\/span>\u00a0<span style=\"color: #800080;\"><a style=\"color: #800080;\" href=\"https:\/\/www.linkedin.com\/feed\/hashtag\/?keywords=kombucha&amp;highlightedUpdateUrns=urn%3Ali%3Aactivity%3A6848903410138263552\"><span style=\"text-decoration: underline;\">#kombucha<\/span><\/a><\/span>\u00a0<span style=\"color: #000000;\">sur la C\u00f4te d&rsquo;Opale<\/span> ?<\/h6>\n<p>&nbsp;<\/p>\n<h6><span style=\"color: #000000;\">Nous remercions notre partenaire\u00a0<\/span><a href=\"https:\/\/www.linkedin.com\/company\/harmoniemutuelle\/\"><span style=\"text-decoration: underline;\"><span style=\"color: #800080; text-decoration: underline;\">Harmonie Mutuelle<\/span><\/span><\/a>\u00a0<span style=\"color: #000000;\">qui a permis la r\u00e9alisation de ce<\/span>\u00a0<span style=\"text-decoration: underline;\"><span style=\"color: #800080;\"><a style=\"color: #800080; text-decoration: underline;\" href=\"https:\/\/www.linkedin.com\/feed\/hashtag\/?keywords=podcast&amp;highlightedUpdateUrns=urn%3Ali%3Aactivity%3A6848903410138263552\">#Podcast<\/a><\/span><\/span>.<\/h6>\n<h6><\/h6>\n<p>&nbsp;<\/p>\n<h6><span style=\"text-decoration: underline; color: #800080;\"><a style=\"color: #800080; text-decoration: underline;\" href=\"https:\/\/shows.acast.com\/les-deviations\/episodes\/oser-a-45-ans-episode-16-anne-ingenieure-viticultrice-brasse\">https:\/\/shows.acast.com\/les-deviations\/episodes\/oser-a-45-ans-episode-16-anne-ingenieure-viticultrice-brasse<\/a><\/span><\/h6>\n<p>&nbsp;<\/p>\n<p>&nbsp;<\/p>\n<p>&nbsp;<\/p>\n","protected":false},"excerpt":{"rendered":"<p>\u00ab\u00a0Oser \u00e0 45 ans\u00a0\u00bb Quelle joie de vous annoncer que nous lan\u00e7ons cette semaine une mini-s\u00e9rie de podcasts intitul\u00e9e \u00ab\u00a0Oser \u00e0 45 ans\u00a0\u00bb, en partenariat avec\u00a0#LesD\u00e9viations\u00a0! ?? &nbsp; A travers 6 \u00e9pisodes in\u00e9dits, nous vous emmenons sur les pas de 6 femmes aux exp\u00e9riences plurielles.\u00a0&#8230;<\/p>\n","protected":false},"author":1,"featured_media":20184,"comment_status":"closed","ping_status":"closed","sticky":false,"template":"","format":"standard","meta":{"footnotes":""},"categories":[126],"tags":[],"class_list":["post-20189","post","type-post","status-publish","format-standard","has-post-thumbnail","hentry","category-creation-dentreprise"],"yoast_head":"<!-- This site is optimized with the Yoast SEO Premium plugin v27.0 (Yoast SEO v27.9) - https:\/\/yoast.com\/product\/yoast-seo-premium-wordpress\/ -->\n<title>Podcast &quot;Oser \u00e0 45 ans&quot; | Force Femmes<\/title>\n<meta name=\"robots\" content=\"index, follow, max-snippet:-1, max-image-preview:large, max-video-preview:-1\" \/>\n<link rel=\"canonical\" href=\"https:\/\/www.forcefemmes.com\/?p=20189\" \/>\n<meta property=\"og:locale\" content=\"fr_FR\" \/>\n<meta property=\"og:type\" content=\"article\" \/>\n<meta property=\"og:title\" content=\"Podcast &quot;Oser \u00e0 45 ans&quot;\" \/>\n<meta property=\"og:description\" content=\"\u00ab\u00a0Oser \u00e0 45 ans\u00a0\u00bb Quelle joie de vous annoncer que nous lan\u00e7ons cette semaine une mini-s\u00e9rie de podcasts intitul\u00e9e \u00ab\u00a0Oser \u00e0 45 ans\u00a0\u00bb, en partenariat avec\u00a0#LesD\u00e9viations\u00a0! ?? &nbsp; A travers 6 \u00e9pisodes in\u00e9dits, nous vous emmenons sur les pas de 6 femmes aux exp\u00e9riences plurielles.\u00a0...\" \/>\n<meta property=\"og:url\" content=\"https:\/\/www.forcefemmes.com\/?p=20189\" \/>\n<meta property=\"og:site_name\" content=\"Force Femmes\" \/>\n<meta property=\"article:published_time\" content=\"2021-10-20T15:39:23+00:00\" \/>\n<meta property=\"article:modified_time\" content=\"2024-04-04T07:52:53+00:00\" \/>\n<meta property=\"og:image\" content=\"https:\/\/www.forcefemmes.com\/wp-content\/uploads\/2021\/10\/Podcasts-22Oser-a\u0300-45-ans22.png\" \/>\n\t<meta property=\"og:image:width\" content=\"736\" \/>\n\t<meta property=\"og:image:height\" content=\"740\" \/>\n\t<meta property=\"og:image:type\" content=\"image\/png\" \/>\n<meta name=\"author\" content=\"info@forcefemmes.com\" \/>\n<meta name=\"twitter:card\" content=\"summary_large_image\" \/>\n<meta name=\"twitter:label1\" content=\"\u00c9crit par\" \/>\n\t<meta name=\"twitter:data1\" content=\"info@forcefemmes.com\" \/>\n\t<meta name=\"twitter:label2\" content=\"Dur\u00e9e de lecture estim\u00e9e\" \/>\n\t<meta name=\"twitter:data2\" content=\"1 minute\" \/>\n<script type=\"application\/ld+json\" class=\"yoast-schema-graph\">{\"@context\":\"https:\\\/\\\/schema.org\",\"@graph\":[{\"@type\":\"Article\",\"@id\":\"https:\\\/\\\/www.forcefemmes.com\\\/?p=20189#article\",\"isPartOf\":{\"@id\":\"https:\\\/\\\/www.forcefemmes.com\\\/?p=20189\"},\"author\":{\"name\":\"info@forcefemmes.com\",\"@id\":\"https:\\\/\\\/www.forcefemmes.com\\\/#\\\/schema\\\/person\\\/5bbda8a197fcdd46d3de8a8adc540d4f\"},\"headline\":\"Podcast \u00ab\u00a0Oser \u00e0 45 ans\u00a0\u00bb\",\"datePublished\":\"2021-10-20T15:39:23+00:00\",\"dateModified\":\"2024-04-04T07:52:53+00:00\",\"mainEntityOfPage\":{\"@id\":\"https:\\\/\\\/www.forcefemmes.com\\\/?p=20189\"},\"wordCount\":196,\"image\":{\"@id\":\"https:\\\/\\\/www.forcefemmes.com\\\/?p=20189#primaryimage\"},\"thumbnailUrl\":\"https:\\\/\\\/www.forcefemmes.com\\\/wp-content\\\/uploads\\\/2021\\\/10\\\/Podcasts-22Oser-a\u0300-45-ans22.png\",\"articleSection\":[\"Cr\u00e9ation d'entreprise\"],\"inLanguage\":\"fr-FR\"},{\"@type\":\"WebPage\",\"@id\":\"https:\\\/\\\/www.forcefemmes.com\\\/?p=20189\",\"url\":\"https:\\\/\\\/www.forcefemmes.com\\\/?p=20189\",\"name\":\"Podcast \\\"Oser \u00e0 45 ans\\\" | Force Femmes\",\"isPartOf\":{\"@id\":\"https:\\\/\\\/www.forcefemmes.com\\\/#website\"},\"primaryImageOfPage\":{\"@id\":\"https:\\\/\\\/www.forcefemmes.com\\\/?p=20189#primaryimage\"},\"image\":{\"@id\":\"https:\\\/\\\/www.forcefemmes.com\\\/?p=20189#primaryimage\"},\"thumbnailUrl\":\"https:\\\/\\\/www.forcefemmes.com\\\/wp-content\\\/uploads\\\/2021\\\/10\\\/Podcasts-22Oser-a\u0300-45-ans22.png\",\"datePublished\":\"2021-10-20T15:39:23+00:00\",\"dateModified\":\"2024-04-04T07:52:53+00:00\",\"author\":{\"@id\":\"https:\\\/\\\/www.forcefemmes.com\\\/#\\\/schema\\\/person\\\/5bbda8a197fcdd46d3de8a8adc540d4f\"},\"breadcrumb\":{\"@id\":\"https:\\\/\\\/www.forcefemmes.com\\\/?p=20189#breadcrumb\"},\"inLanguage\":\"fr-FR\",\"potentialAction\":[{\"@type\":\"ReadAction\",\"target\":[\"https:\\\/\\\/www.forcefemmes.com\\\/?p=20189\"]}]},{\"@type\":\"ImageObject\",\"inLanguage\":\"fr-FR\",\"@id\":\"https:\\\/\\\/www.forcefemmes.com\\\/?p=20189#primaryimage\",\"url\":\"https:\\\/\\\/www.forcefemmes.com\\\/wp-content\\\/uploads\\\/2021\\\/10\\\/Podcasts-22Oser-a\u0300-45-ans22.png\",\"contentUrl\":\"https:\\\/\\\/www.forcefemmes.com\\\/wp-content\\\/uploads\\\/2021\\\/10\\\/Podcasts-22Oser-a\u0300-45-ans22.png\",\"width\":736,\"height\":740},{\"@type\":\"BreadcrumbList\",\"@id\":\"https:\\\/\\\/www.forcefemmes.com\\\/?p=20189#breadcrumb\",\"itemListElement\":[{\"@type\":\"ListItem\",\"position\":1,\"name\":\"Accueil\",\"item\":\"https:\\\/\\\/www.forcefemmes.com\\\/\"},{\"@type\":\"ListItem\",\"position\":2,\"name\":\"Podcast \u00ab\u00a0Oser \u00e0 45 ans\u00a0\u00bb\"}]},{\"@type\":\"WebSite\",\"@id\":\"https:\\\/\\\/www.forcefemmes.com\\\/#website\",\"url\":\"https:\\\/\\\/www.forcefemmes.com\\\/\",\"name\":\"Force Femmes\",\"description\":\"Agit pour l&#039;emploi des femmes de plus de 45 ans\",\"potentialAction\":[{\"@type\":\"SearchAction\",\"target\":{\"@type\":\"EntryPoint\",\"urlTemplate\":\"https:\\\/\\\/www.forcefemmes.com\\\/?s={search_term_string}\"},\"query-input\":{\"@type\":\"PropertyValueSpecification\",\"valueRequired\":true,\"valueName\":\"search_term_string\"}}],\"inLanguage\":\"fr-FR\"},{\"@type\":\"Person\",\"@id\":\"https:\\\/\\\/www.forcefemmes.com\\\/#\\\/schema\\\/person\\\/5bbda8a197fcdd46d3de8a8adc540d4f\",\"name\":\"info@forcefemmes.com\",\"image\":{\"@type\":\"ImageObject\",\"inLanguage\":\"fr-FR\",\"@id\":\"https:\\\/\\\/secure.gravatar.com\\\/avatar\\\/59a27199a7c59611639f4688250f25c22dd80de380a1c288192b326a850411a4?s=96&d=mm&r=g\",\"url\":\"https:\\\/\\\/secure.gravatar.com\\\/avatar\\\/59a27199a7c59611639f4688250f25c22dd80de380a1c288192b326a850411a4?s=96&d=mm&r=g\",\"contentUrl\":\"https:\\\/\\\/secure.gravatar.com\\\/avatar\\\/59a27199a7c59611639f4688250f25c22dd80de380a1c288192b326a850411a4?s=96&d=mm&r=g\",\"caption\":\"info@forcefemmes.com\"},\"url\":\"https:\\\/\\\/www.forcefemmes.com\\\/?author=1\"}]}<\/script>\n<!-- \/ Yoast SEO Premium plugin. -->","yoast_head_json":{"title":"Podcast \"Oser \u00e0 45 ans\" | Force Femmes","robots":{"index":"index","follow":"follow","max-snippet":"max-snippet:-1","max-image-preview":"max-image-preview:large","max-video-preview":"max-video-preview:-1"},"canonical":"https:\/\/www.forcefemmes.com\/?p=20189","og_locale":"fr_FR","og_type":"article","og_title":"Podcast \"Oser \u00e0 45 ans\"","og_description":"\u00ab\u00a0Oser \u00e0 45 ans\u00a0\u00bb Quelle joie de vous annoncer que nous lan\u00e7ons cette semaine une mini-s\u00e9rie de podcasts intitul\u00e9e \u00ab\u00a0Oser \u00e0 45 ans\u00a0\u00bb, en partenariat avec\u00a0#LesD\u00e9viations\u00a0! ?? &nbsp; A travers 6 \u00e9pisodes in\u00e9dits, nous vous emmenons sur les pas de 6 femmes aux exp\u00e9riences plurielles.\u00a0...","og_url":"https:\/\/www.forcefemmes.com\/?p=20189","og_site_name":"Force Femmes","article_published_time":"2021-10-20T15:39:23+00:00","article_modified_time":"2024-04-04T07:52:53+00:00","og_image":[{"width":736,"height":740,"url":"https:\/\/www.forcefemmes.com\/wp-content\/uploads\/2021\/10\/Podcasts-22Oser-a\u0300-45-ans22.png","type":"image\/png"}],"author":"info@forcefemmes.com","twitter_card":"summary_large_image","twitter_misc":{"\u00c9crit par":"info@forcefemmes.com","Dur\u00e9e de lecture estim\u00e9e":"1 minute"},"schema":{"@context":"https:\/\/schema.org","@graph":[{"@type":"Article","@id":"https:\/\/www.forcefemmes.com\/?p=20189#article","isPartOf":{"@id":"https:\/\/www.forcefemmes.com\/?p=20189"},"author":{"name":"info@forcefemmes.com","@id":"https:\/\/www.forcefemmes.com\/#\/schema\/person\/5bbda8a197fcdd46d3de8a8adc540d4f"},"headline":"Podcast \u00ab\u00a0Oser \u00e0 45 ans\u00a0\u00bb","datePublished":"2021-10-20T15:39:23+00:00","dateModified":"2024-04-04T07:52:53+00:00","mainEntityOfPage":{"@id":"https:\/\/www.forcefemmes.com\/?p=20189"},"wordCount":196,"image":{"@id":"https:\/\/www.forcefemmes.com\/?p=20189#primaryimage"},"thumbnailUrl":"https:\/\/www.forcefemmes.com\/wp-content\/uploads\/2021\/10\/Podcasts-22Oser-a\u0300-45-ans22.png","articleSection":["Cr\u00e9ation d'entreprise"],"inLanguage":"fr-FR"},{"@type":"WebPage","@id":"https:\/\/www.forcefemmes.com\/?p=20189","url":"https:\/\/www.forcefemmes.com\/?p=20189","name":"Podcast \"Oser \u00e0 45 ans\" | Force Femmes","isPartOf":{"@id":"https:\/\/www.forcefemmes.com\/#website"},"primaryImageOfPage":{"@id":"https:\/\/www.forcefemmes.com\/?p=20189#primaryimage"},"image":{"@id":"https:\/\/www.forcefemmes.com\/?p=20189#primaryimage"},"thumbnailUrl":"https:\/\/www.forcefemmes.com\/wp-content\/uploads\/2021\/10\/Podcasts-22Oser-a\u0300-45-ans22.png","datePublished":"2021-10-20T15:39:23+00:00","dateModified":"2024-04-04T07:52:53+00:00","author":{"@id":"https:\/\/www.forcefemmes.com\/#\/schema\/person\/5bbda8a197fcdd46d3de8a8adc540d4f"},"breadcrumb":{"@id":"https:\/\/www.forcefemmes.com\/?p=20189#breadcrumb"},"inLanguage":"fr-FR","potentialAction":[{"@type":"ReadAction","target":["https:\/\/www.forcefemmes.com\/?p=20189"]}]},{"@type":"ImageObject","inLanguage":"fr-FR","@id":"https:\/\/www.forcefemmes.com\/?p=20189#primaryimage","url":"https:\/\/www.forcefemmes.com\/wp-content\/uploads\/2021\/10\/Podcasts-22Oser-a\u0300-45-ans22.png","contentUrl":"https:\/\/www.forcefemmes.com\/wp-content\/uploads\/2021\/10\/Podcasts-22Oser-a\u0300-45-ans22.png","width":736,"height":740},{"@type":"BreadcrumbList","@id":"https:\/\/www.forcefemmes.com\/?p=20189#breadcrumb","itemListElement":[{"@type":"ListItem","position":1,"name":"Accueil","item":"https:\/\/www.forcefemmes.com\/"},{"@type":"ListItem","position":2,"name":"Podcast \u00ab\u00a0Oser \u00e0 45 ans\u00a0\u00bb"}]},{"@type":"WebSite","@id":"https:\/\/www.forcefemmes.com\/#website","url":"https:\/\/www.forcefemmes.com\/","name":"Force Femmes","description":"Agit pour l&#039;emploi des femmes de plus de 45 ans","potentialAction":[{"@type":"SearchAction","target":{"@type":"EntryPoint","urlTemplate":"https:\/\/www.forcefemmes.com\/?s={search_term_string}"},"query-input":{"@type":"PropertyValueSpecification","valueRequired":true,"valueName":"search_term_string"}}],"inLanguage":"fr-FR"},{"@type":"Person","@id":"https:\/\/www.forcefemmes.com\/#\/schema\/person\/5bbda8a197fcdd46d3de8a8adc540d4f","name":"info@forcefemmes.com","image":{"@type":"ImageObject","inLanguage":"fr-FR","@id":"https:\/\/secure.gravatar.com\/avatar\/59a27199a7c59611639f4688250f25c22dd80de380a1c288192b326a850411a4?s=96&d=mm&r=g","url":"https:\/\/secure.gravatar.com\/avatar\/59a27199a7c59611639f4688250f25c22dd80de380a1c288192b326a850411a4?s=96&d=mm&r=g","contentUrl":"https:\/\/secure.gravatar.com\/avatar\/59a27199a7c59611639f4688250f25c22dd80de380a1c288192b326a850411a4?s=96&d=mm&r=g","caption":"info@forcefemmes.com"},"url":"https:\/\/www.forcefemmes.com\/?author=1"}]}},"_links":{"self":[{"href":"https:\/\/www.forcefemmes.com\/index.php?rest_route=\/wp\/v2\/posts\/20189","targetHints":{"allow":["GET"]}}],"collection":[{"href":"https:\/\/www.forcefemmes.com\/index.php?rest_route=\/wp\/v2\/posts"}],"about":[{"href":"https:\/\/www.forcefemmes.com\/index.php?rest_route=\/wp\/v2\/types\/post"}],"author":[{"embeddable":true,"href":"https:\/\/www.forcefemmes.com\/index.php?rest_route=\/wp\/v2\/users\/1"}],"replies":[{"embeddable":true,"href":"https:\/\/www.forcefemmes.com\/index.php?rest_route=%2Fwp%2Fv2%2Fcomments&post=20189"}],"version-history":[{"count":4,"href":"https:\/\/www.forcefemmes.com\/index.php?rest_route=\/wp\/v2\/posts\/20189\/revisions"}],"predecessor-version":[{"id":22436,"href":"https:\/\/www.forcefemmes.com\/index.php?rest_route=\/wp\/v2\/posts\/20189\/revisions\/22436"}],"wp:featuredmedia":[{"embeddable":true,"href":"https:\/\/www.forcefemmes.com\/index.php?rest_route=\/wp\/v2\/media\/20184"}],"wp:attachment":[{"href":"https:\/\/www.forcefemmes.com\/index.php?rest_route=%2Fwp%2Fv2%2Fmedia&parent=20189"}],"wp:term":[{"taxonomy":"category","embeddable":true,"href":"https:\/\/www.forcefemmes.com\/index.php?rest_route=%2Fwp%2Fv2%2Fcategories&post=20189"},{"taxonomy":"post_tag","embeddable":true,"href":"https:\/\/www.forcefemmes.com\/index.php?rest_route=%2Fwp%2Fv2%2Ftags&post=20189"}],"curies":[{"name":"wp","href":"https:\/\/api.w.org\/{rel}","templated":true}]}}