{"id":20894,"date":"2023-03-09T10:53:00","date_gmt":"2023-03-09T09:53:00","guid":{"rendered":"https:\/\/www.forcefemmes.com\/?p=20894"},"modified":"2024-04-03T15:29:57","modified_gmt":"2024-04-03T13:29:57","slug":"35eme-promotion-du-programme-motivees-pour-creer-soutenue-par-caisse-depargne","status":"publish","type":"post","link":"https:\/\/www.forcefemmes.com\/?p=20894","title":{"rendered":"35\u00e8me promotion du programme Motiv\u00e9es Pour Cr\u00e9er soutenue par la Caisse d&rsquo;Epargne"},"content":{"rendered":"<h1>35\u00e8me promotion du programme Motiv\u00e9es Pour Cr\u00e9er soutenue par la Caisse d&rsquo;Epargne<\/h1>\n<p>&nbsp;<\/p>\n<p>\ud83d\udd25 L\u2019\u00e9quipe <a href=\"https:\/\/www.linkedin.com\/company\/force-femmes\/\" data-attribute-index=\"0\" data-entity-hovercard-id=\"urn:li:fs_miniCompany:10339724\" data-entity-type=\"MINI_COMPANY\">Force Femmes<\/a> est heureuse d\u2019accueillir les 9 candidates qui constituent la 35\u00e8me promotion du programme <strong>Motiv\u00e9es pour cr\u00e9er<\/strong> !<\/p>\n<p>Motiv\u00e9es pour cr\u00e9er, c\u2019est un programme d\u2019accompagnement cl\u00e9 en main d\u00e9di\u00e9 aux cr\u00e9atrices d\u2019entreprises de +45 ans. C\u2019est :<\/p>\n<p>\ud83d\uddd3 3 mois de programme intensif<br \/>\n\ud83c\udfaf 12 ateliers techniques<br \/>\n\ud83d\ude4b\ud83c\udffd\u2640\ufe0f 4 s\u00e9ances de coaching collectif<\/p>\n<p>Ce programme continue de porter ses fruits gr\u00e2ce au soutien de\u00a0<a href=\"https:\/\/www.linkedin.com\/company\/caisse-epargne\/\" data-attribute-index=\"2\" data-entity-hovercard-id=\"urn:li:fs_miniCompany:1608360\" data-entity-type=\"MINI_COMPANY\">Caisse d\u2019Epargne<\/a>\u00a0permettant ainsi \u00e0 nos candidates de solidifier leurs projets professionnels et de cr\u00e9er leur entreprise. \ud83d\ude4f<\/p>\n<h2>\ud83d\ude80 D\u00e9couvrez le profil de nos candidates :<\/h2>\n<p>&nbsp;<\/p>\n<p style=\"text-align: left;\"><b>Alexandra DELATTRE : <\/b>Apr\u00e8s de nombreuses ann\u00e9es pass\u00e9es dans l\u2019univers de la mode et du luxe\u00a0en tant que directrice communication, Alexandra a choisi une nouvelle voie pour sa vie professionnelle. Depuis l\u2019heureuse d\u00e9couverte du yoga et de la m\u00e9diation pendant les confinements, elle a eu envie de se diriger vers le secteur d\u2019activit\u00e9 du Bien-Etre &amp; Mieux-Etre, plus en lien avec ses nouvelles valeurs et son besoin de sens. De cette envie est n\u00e9e le grand projet d\u2019une maison &#8211; cocon holistique pour y accueillir des retraites de yoga et des s\u00e9jours bien \u00eatre en pleine nature, afin d\u2019aider ces participant(e)s \u00e0 aller mieux.\u00a0Force Femmes va pouvoir l\u2019accompagner sur les parties business &amp; financi\u00e8res sur lesquelles elle a du mal \u00e0 avancer seule, afin d\u2019avoir un dossier complet et irr\u00e9prochable \u00e0 pitcher devant ses futurs investisseurs ou banquiers.<\/p>\n<p style=\"text-align: left;\"><b>Marie FAURE : <\/b>Apr\u00e8s plus de 30 ann\u00e9es pass\u00e9es dans le secteur du conseil \u00e0 des postes de responsable administrative, engag\u00e9e depuis de nombreuses ann\u00e9es dans un travail de d\u00e9veloppement personnel autour du yoga et la m\u00e9ditation, Marie a choisi de se reconvertir. Apr\u00e8s s\u2019\u00eatre form\u00e9e comme professeure de yoga, elle a \u00e9galement obtenu son dipl\u00f4me de sophrologue en janvier 2023. Pour mener \u00e0 bien son projet d\u2019installation comme sophrologue elle a besoin d\u2019\u00eatre accompagn\u00e9e. Elle attend donc de ce programme un soutien et les outils qui lui permettront de faire \u00e9voluer son projet \u00e0 long terme.<\/p>\n<p style=\"text-align: left;\"><b>Patricia COUSIN : <\/b>Apr\u00e8s 20 ans dans diff\u00e9rentes institutions, elle se met \u00e0 son compte dans le \u00ab\u00a0respecte son rythme de travail\u00a0\u00bb : elle r\u00e9alise des interventions aupr\u00e8s des collectifs de travail \u00a0sous forte contrainte. C\u2019est un travail sur le travail qui favorise le d\u00e9veloppement de la coop\u00e9ration. Patricia accompagne \u00e9galement les adultes en Gestalt th\u00e9rapie &#8211; psychoth\u00e9rapie orientation ph\u00e9nom\u00e9nologique &#8211; dans l\u2019ici et maintenant et relationnelle en face \u00e0 face qui vise au d\u00e9veloppement de toutes les dimensions de l\u2019\u00eatre. Patricia attend un booster d\u2019installation gr\u00e2ce aux rendez-vous th\u00e9matiques et au soutien du collectif.<\/p>\n<p><strong>Nathalie MAUDET-CZERWINSKI : A<\/strong>vec plus de 20 ans d&rsquo;exp\u00e9riences en Achats dans diff\u00e9rents secteurs (BTP, Parcs de Loisirs, Energie), elle a d\u00e9cid\u00e9 de capitaliser sur mon expertise pour devenir ind\u00e9pendante. Sensible aux enjeux climatiques et RSE, elle s&rsquo;est donc lanc\u00e9e comme Consultante en Achats Durables pour aider les entreprises TPE\/PME \u00e0 op\u00e9rer leur transition durable par le levier puissant des Achats. Cependant, \u00eatre Entrepreneuse est loin d&rsquo;\u00eatre un &lsquo;long fleuve tranquille&rsquo;, c&rsquo;est v\u00e9ritablement un changement de mindset et de posture \u00e0 avoir qui ne s&rsquo;acquit pas du jour au lendemain, d&rsquo;autant plus apr\u00e8s presque 30 ans de salariat!<br \/>\nAussi, ce qu&rsquo;elle attend du programme \u00ab\u00a0MPC\u00a0\u00bb pour r\u00e9ussir cette transformation?<br \/>\n&#8211; B\u00e9n\u00e9ficier d\u2019une m\u00e9thodologie, de bonnes pratiques et des conseils d&rsquo;experts, notamment en prospection commerciale et communication<br \/>\n&#8211; Booster mon projet avec un business plan et un plan d&rsquo;actions constructif<br \/>\n&#8211; Partager et \u00eatre dans l&rsquo;\u00e9mulation du groupe de femmes cr\u00e9atrices\u00a0\u00bb<\/p>\n<p><strong>Florence HOUDOUIN : <\/strong>Apr\u00e8s 30 ans d\u2019exp\u00e9rience en tant que responsable \u00e9v\u00e9nementielle dans un univers exigeant et prestigieux, elle a franchi le pas en novembre 2022 en cr\u00e9ant sa propre structure d\u2019\u00e9v\u00e8nements sur mesure pour les entreprises et les particuliers. Ce m\u00e9tier est son ADN,\u00a0 sa passion. Apr\u00e8s de nombreuses ann\u00e9es de salariat, devenir Entrepreneuse ne s\u2019improvise pas et exige de connaitre les bonnes pratiques pour \u00e9tablir un business plan, r\u00e9diger une offre de service pertinente pour se positionner sur le march\u00e9, faire une communication visible pour d\u00e9velopper la client\u00e8le, cr\u00e9er un site internet\u2026 Le programme MPC est pour elle une v\u00e9ritable opportunit\u00e9 pour faire \u00e9voluer sa soci\u00e9t\u00e9 \u00e0 long terme en b\u00e9n\u00e9ficiant d\u2019une m\u00e9thodologie, un coup de pouce indispensable pour booster son projet et se rendre visible sur le march\u00e9 gr\u00e2ce aux conseils d\u2019experts lors d\u2019ateliers.<\/p>\n<p><strong>Marie GUYOT : <\/strong>Journaliste sp\u00e9cialis\u00e9e en sant\u00e9, psychologie et soci\u00e9t\u00e9, Marie a \u00e9galement \u00e9crit quatre livres autour des th\u00e9matiques de la psychologie et du bien-\u00eatre. Elle pratique depuis longtemps le yoga, la m\u00e9ditation, et est passionn\u00e9e par la lecture et l\u2019\u00e9criture. Il y a 4 ans, elle a suivi, en parall\u00e8le de son m\u00e9tier, une formation de coach professionnelle. Aujourd\u2019hui, elle souhaite r\u00e9unir l\u2019int\u00e9r\u00eat et l\u2019expertise qu\u2019elle a dans ces domaines en proposant, aux entreprises et aux particuliers, un coaching utilisant comme principal outil l\u2019\u00e9criture. Elle aimerait \u00e9galement animer des ateliers d\u2019\u00e9criture \u00e0 l\u2019h\u00f4pital ou en institution (enfants malades, patients atteints de la maladie d\u2019Alzheimer, etc.). Elle souhaite \u00eatre accompagn\u00e9e par Force femmes sur un plan juridique (quel statut choisir ?), pour le business plan et la communication digitale.<\/p>\n<p><strong>Christelle RAQUIL : <\/strong>Apr\u00e8s 20 ans d\u2019exp\u00e9riences dans l\u2019accompagnement au travail avec une approche psychologique et sociale puis de coaching, Christelle souhaite allier ses comp\u00e9tences \u00e0 sa passion, la photographie. Elle se propose de mettre en lumi\u00e8re les cheminements individuels et collectifs d\u2019une transformation en mouvement en vue d\u2019enraciner les prises de consciences, actions et d\u00e9cisions qui permettront d\u2019atteindre vos objectifs. \u00a0Ce qu\u2019elle attend du programme Force Femmes c\u2019est d\u2019acqu\u00e9rir les clefs pour asseoir les bases de son projet, affiner son positionnement et mieux le communiquer.<\/p>\n<p><strong>Florence COLL :<\/strong> Avec une exp\u00e9rience commerciale de 25 ans dans de grands groupes de l&rsquo;industrie pharmaceutique, Florence, passionn\u00e9e par la richesse du terroir fran\u00e7ais veut se r\u00e9orienter et souhaite proposer une nouvelle offre de d\u00e9gustation de sp\u00e9cialit\u00e9s gastronomiques. Avec l&rsquo;\u00e9quipe d&rsquo;intervenants issus du monde de la cr\u00e9ation d&rsquo;entreprise, le programme Motiv\u00e9es Pour Cr\u00e9er devrait l&rsquo;accompagner pour construire les fondations de son projet.<\/p>\n<p><strong>Moufida Mnakri : \u00a0<\/strong>Apr\u00e8s une longue exp\u00e9rience comme enseignante des relations internationales, d\u2019anglais sp\u00e9cialis\u00e9, et de communication interculturelle, et comme interpr\u00e8te asserment\u00e9e aux tribunaux, Moufida souhaite cr\u00e9er sa propre boite de conseil en relations internationales. Elle attend du programme \u00ab MPC \u00bb un accompagnement sur le perfectionnement de son projet et la construction d\u2019un r\u00e9seau durable. Elle attend aussi de s\u2019inspirer des experts ainsi que de ses coll\u00e8gues candidates avec lesquelles elle souhaite voler haut, avec des ailes multiples, au ciel de Force Femme.<\/p>\n<p><img fetchpriority=\"high\" decoding=\"async\" class=\"alignnone size-large wp-image-21026\" src=\"https:\/\/www.forcefemmes.com\/wp-content\/uploads\/2023\/02\/MPC-35-9mars-2023-1024x768.jpg\" alt=\"\" width=\"1024\" height=\"768\" srcset=\"https:\/\/www.forcefemmes.com\/wp-content\/uploads\/2023\/02\/MPC-35-9mars-2023-1024x768.jpg 1024w, https:\/\/www.forcefemmes.com\/wp-content\/uploads\/2023\/02\/MPC-35-9mars-2023-300x225.jpg 300w, https:\/\/www.forcefemmes.com\/wp-content\/uploads\/2023\/02\/MPC-35-9mars-2023-768x576.jpg 768w, https:\/\/www.forcefemmes.com\/wp-content\/uploads\/2023\/02\/MPC-35-9mars-2023-1536x1152.jpg 1536w, https:\/\/www.forcefemmes.com\/wp-content\/uploads\/2023\/02\/MPC-35-9mars-2023-2048x1536.jpg 2048w, https:\/\/www.forcefemmes.com\/wp-content\/uploads\/2023\/02\/MPC-35-9mars-2023-800x600.jpg 800w, https:\/\/www.forcefemmes.com\/wp-content\/uploads\/2023\/02\/MPC-35-9mars-2023-700x525.jpg 700w\" sizes=\"(max-width: 1024px) 100vw, 1024px\" \/><\/p>\n<h6><span style=\"color: #000000;\">\u00a0<\/span><\/h6>\n<h6><\/h6>\n<h6><\/h6>\n<h6><\/h6>\n","protected":false},"excerpt":{"rendered":"<p>35\u00e8me promotion du programme Motiv\u00e9es Pour Cr\u00e9er soutenue par la Caisse d&rsquo;Epargne &nbsp; \ud83d\udd25 L\u2019\u00e9quipe Force Femmes est heureuse d\u2019accueillir les 9 candidates qui constituent la 35\u00e8me promotion du programme Motiv\u00e9es pour cr\u00e9er ! Motiv\u00e9es pour cr\u00e9er, c\u2019est un programme d\u2019accompagnement cl\u00e9 en main d\u00e9di\u00e9&#8230;<\/p>\n","protected":false},"author":1,"featured_media":20573,"comment_status":"closed","ping_status":"closed","sticky":false,"template":"","format":"standard","meta":{"footnotes":""},"categories":[143,126,130,138],"tags":[],"class_list":["post-20894","post","type-post","status-publish","format-standard","has-post-thumbnail","hentry","category-antennes","category-creation-dentreprise","category-paris","category-partenaires"],"yoast_head":"<!-- This site is optimized with the Yoast SEO Premium plugin v27.0 (Yoast SEO v27.9) - https:\/\/yoast.com\/product\/yoast-seo-premium-wordpress\/ -->\n<title>35\u00e8me promotion du programme Motiv\u00e9es Pour Cr\u00e9er soutenue par la Caisse d&#039;Epargne | Force Femmes<\/title>\n<meta name=\"robots\" content=\"index, follow, max-snippet:-1, max-image-preview:large, max-video-preview:-1\" \/>\n<link rel=\"canonical\" href=\"https:\/\/preproduction.forcefemmes.com\/?p=20894\" \/>\n<meta property=\"og:locale\" content=\"fr_FR\" \/>\n<meta property=\"og:type\" content=\"article\" \/>\n<meta property=\"og:title\" content=\"35\u00e8me promotion du programme Motiv\u00e9es Pour Cr\u00e9er soutenue par la Caisse d&#039;Epargne\" \/>\n<meta property=\"og:description\" content=\"35\u00e8me promotion du programme Motiv\u00e9es Pour Cr\u00e9er soutenue par la Caisse d&rsquo;Epargne &nbsp; \ud83d\udd25 L\u2019\u00e9quipe Force Femmes est heureuse d\u2019accueillir les 9 candidates qui constituent la 35\u00e8me promotion du programme Motiv\u00e9es pour cr\u00e9er ! Motiv\u00e9es pour cr\u00e9er, c\u2019est un programme d\u2019accompagnement cl\u00e9 en main d\u00e9di\u00e9...\" \/>\n<meta property=\"og:url\" content=\"https:\/\/preproduction.forcefemmes.com\/?p=20894\" \/>\n<meta property=\"og:site_name\" content=\"Force Femmes\" \/>\n<meta property=\"article:published_time\" content=\"2023-03-09T09:53:00+00:00\" \/>\n<meta property=\"article:modified_time\" content=\"2024-04-03T13:29:57+00:00\" \/>\n<meta property=\"og:image\" content=\"https:\/\/www.forcefemmes.com\/wp-content\/uploads\/2022\/09\/IMG_1253.jpg\" \/>\n\t<meta property=\"og:image:width\" content=\"828\" \/>\n\t<meta property=\"og:image:height\" content=\"828\" \/>\n\t<meta property=\"og:image:type\" content=\"image\/jpeg\" \/>\n<meta name=\"author\" content=\"info@forcefemmes.com\" \/>\n<meta name=\"twitter:card\" content=\"summary_large_image\" \/>\n<meta name=\"twitter:label1\" content=\"\u00c9crit par\" \/>\n\t<meta name=\"twitter:data1\" content=\"info@forcefemmes.com\" \/>\n\t<meta name=\"twitter:label2\" content=\"Dur\u00e9e de lecture estim\u00e9e\" \/>\n\t<meta name=\"twitter:data2\" content=\"6 minutes\" \/>\n<script type=\"application\/ld+json\" class=\"yoast-schema-graph\">{\"@context\":\"https:\\\/\\\/schema.org\",\"@graph\":[{\"@type\":\"Article\",\"@id\":\"https:\\\/\\\/preproduction.forcefemmes.com\\\/?p=20894#article\",\"isPartOf\":{\"@id\":\"https:\\\/\\\/preproduction.forcefemmes.com\\\/?p=20894\"},\"author\":{\"name\":\"info@forcefemmes.com\",\"@id\":\"https:\\\/\\\/www.forcefemmes.com\\\/#\\\/schema\\\/person\\\/5bbda8a197fcdd46d3de8a8adc540d4f\"},\"headline\":\"35\u00e8me promotion du programme Motiv\u00e9es Pour Cr\u00e9er soutenue par la Caisse d&rsquo;Epargne\",\"datePublished\":\"2023-03-09T09:53:00+00:00\",\"dateModified\":\"2024-04-03T13:29:57+00:00\",\"mainEntityOfPage\":{\"@id\":\"https:\\\/\\\/preproduction.forcefemmes.com\\\/?p=20894\"},\"wordCount\":1233,\"image\":{\"@id\":\"https:\\\/\\\/preproduction.forcefemmes.com\\\/?p=20894#primaryimage\"},\"thumbnailUrl\":\"https:\\\/\\\/www.forcefemmes.com\\\/wp-content\\\/uploads\\\/2022\\\/09\\\/IMG_1253.jpg\",\"articleSection\":[\"Antennes\",\"Cr\u00e9ation d'entreprise\",\"Paris\",\"Partenaires\"],\"inLanguage\":\"fr-FR\"},{\"@type\":\"WebPage\",\"@id\":\"https:\\\/\\\/preproduction.forcefemmes.com\\\/?p=20894\",\"url\":\"https:\\\/\\\/preproduction.forcefemmes.com\\\/?p=20894\",\"name\":\"35\u00e8me promotion du programme Motiv\u00e9es Pour Cr\u00e9er soutenue par la Caisse d'Epargne | Force Femmes\",\"isPartOf\":{\"@id\":\"https:\\\/\\\/www.forcefemmes.com\\\/#website\"},\"primaryImageOfPage\":{\"@id\":\"https:\\\/\\\/preproduction.forcefemmes.com\\\/?p=20894#primaryimage\"},\"image\":{\"@id\":\"https:\\\/\\\/preproduction.forcefemmes.com\\\/?p=20894#primaryimage\"},\"thumbnailUrl\":\"https:\\\/\\\/www.forcefemmes.com\\\/wp-content\\\/uploads\\\/2022\\\/09\\\/IMG_1253.jpg\",\"datePublished\":\"2023-03-09T09:53:00+00:00\",\"dateModified\":\"2024-04-03T13:29:57+00:00\",\"author\":{\"@id\":\"https:\\\/\\\/www.forcefemmes.com\\\/#\\\/schema\\\/person\\\/5bbda8a197fcdd46d3de8a8adc540d4f\"},\"breadcrumb\":{\"@id\":\"https:\\\/\\\/preproduction.forcefemmes.com\\\/?p=20894#breadcrumb\"},\"inLanguage\":\"fr-FR\",\"potentialAction\":[{\"@type\":\"ReadAction\",\"target\":[\"https:\\\/\\\/preproduction.forcefemmes.com\\\/?p=20894\"]}]},{\"@type\":\"ImageObject\",\"inLanguage\":\"fr-FR\",\"@id\":\"https:\\\/\\\/preproduction.forcefemmes.com\\\/?p=20894#primaryimage\",\"url\":\"https:\\\/\\\/www.forcefemmes.com\\\/wp-content\\\/uploads\\\/2022\\\/09\\\/IMG_1253.jpg\",\"contentUrl\":\"https:\\\/\\\/www.forcefemmes.com\\\/wp-content\\\/uploads\\\/2022\\\/09\\\/IMG_1253.jpg\",\"width\":828,\"height\":828},{\"@type\":\"BreadcrumbList\",\"@id\":\"https:\\\/\\\/preproduction.forcefemmes.com\\\/?p=20894#breadcrumb\",\"itemListElement\":[{\"@type\":\"ListItem\",\"position\":1,\"name\":\"Accueil\",\"item\":\"https:\\\/\\\/www.forcefemmes.com\\\/\"},{\"@type\":\"ListItem\",\"position\":2,\"name\":\"35\u00e8me promotion du programme Motiv\u00e9es Pour Cr\u00e9er soutenue par la Caisse d&rsquo;Epargne\"}]},{\"@type\":\"WebSite\",\"@id\":\"https:\\\/\\\/www.forcefemmes.com\\\/#website\",\"url\":\"https:\\\/\\\/www.forcefemmes.com\\\/\",\"name\":\"Force Femmes\",\"description\":\"Agit pour l&#039;emploi des femmes de plus de 45 ans\",\"potentialAction\":[{\"@type\":\"SearchAction\",\"target\":{\"@type\":\"EntryPoint\",\"urlTemplate\":\"https:\\\/\\\/www.forcefemmes.com\\\/?s={search_term_string}\"},\"query-input\":{\"@type\":\"PropertyValueSpecification\",\"valueRequired\":true,\"valueName\":\"search_term_string\"}}],\"inLanguage\":\"fr-FR\"},{\"@type\":\"Person\",\"@id\":\"https:\\\/\\\/www.forcefemmes.com\\\/#\\\/schema\\\/person\\\/5bbda8a197fcdd46d3de8a8adc540d4f\",\"name\":\"info@forcefemmes.com\",\"image\":{\"@type\":\"ImageObject\",\"inLanguage\":\"fr-FR\",\"@id\":\"https:\\\/\\\/secure.gravatar.com\\\/avatar\\\/59a27199a7c59611639f4688250f25c22dd80de380a1c288192b326a850411a4?s=96&d=mm&r=g\",\"url\":\"https:\\\/\\\/secure.gravatar.com\\\/avatar\\\/59a27199a7c59611639f4688250f25c22dd80de380a1c288192b326a850411a4?s=96&d=mm&r=g\",\"contentUrl\":\"https:\\\/\\\/secure.gravatar.com\\\/avatar\\\/59a27199a7c59611639f4688250f25c22dd80de380a1c288192b326a850411a4?s=96&d=mm&r=g\",\"caption\":\"info@forcefemmes.com\"},\"url\":\"https:\\\/\\\/www.forcefemmes.com\\\/?author=1\"}]}<\/script>\n<!-- \/ Yoast SEO Premium plugin. -->","yoast_head_json":{"title":"35\u00e8me promotion du programme Motiv\u00e9es Pour Cr\u00e9er soutenue par la Caisse d'Epargne | Force Femmes","robots":{"index":"index","follow":"follow","max-snippet":"max-snippet:-1","max-image-preview":"max-image-preview:large","max-video-preview":"max-video-preview:-1"},"canonical":"https:\/\/preproduction.forcefemmes.com\/?p=20894","og_locale":"fr_FR","og_type":"article","og_title":"35\u00e8me promotion du programme Motiv\u00e9es Pour Cr\u00e9er soutenue par la Caisse d'Epargne","og_description":"35\u00e8me promotion du programme Motiv\u00e9es Pour Cr\u00e9er soutenue par la Caisse d&rsquo;Epargne &nbsp; \ud83d\udd25 L\u2019\u00e9quipe Force Femmes est heureuse d\u2019accueillir les 9 candidates qui constituent la 35\u00e8me promotion du programme Motiv\u00e9es pour cr\u00e9er ! Motiv\u00e9es pour cr\u00e9er, c\u2019est un programme d\u2019accompagnement cl\u00e9 en main d\u00e9di\u00e9...","og_url":"https:\/\/preproduction.forcefemmes.com\/?p=20894","og_site_name":"Force Femmes","article_published_time":"2023-03-09T09:53:00+00:00","article_modified_time":"2024-04-03T13:29:57+00:00","og_image":[{"width":828,"height":828,"url":"https:\/\/www.forcefemmes.com\/wp-content\/uploads\/2022\/09\/IMG_1253.jpg","type":"image\/jpeg"}],"author":"info@forcefemmes.com","twitter_card":"summary_large_image","twitter_misc":{"\u00c9crit par":"info@forcefemmes.com","Dur\u00e9e de lecture estim\u00e9e":"6 minutes"},"schema":{"@context":"https:\/\/schema.org","@graph":[{"@type":"Article","@id":"https:\/\/preproduction.forcefemmes.com\/?p=20894#article","isPartOf":{"@id":"https:\/\/preproduction.forcefemmes.com\/?p=20894"},"author":{"name":"info@forcefemmes.com","@id":"https:\/\/www.forcefemmes.com\/#\/schema\/person\/5bbda8a197fcdd46d3de8a8adc540d4f"},"headline":"35\u00e8me promotion du programme Motiv\u00e9es Pour Cr\u00e9er soutenue par la Caisse d&rsquo;Epargne","datePublished":"2023-03-09T09:53:00+00:00","dateModified":"2024-04-03T13:29:57+00:00","mainEntityOfPage":{"@id":"https:\/\/preproduction.forcefemmes.com\/?p=20894"},"wordCount":1233,"image":{"@id":"https:\/\/preproduction.forcefemmes.com\/?p=20894#primaryimage"},"thumbnailUrl":"https:\/\/www.forcefemmes.com\/wp-content\/uploads\/2022\/09\/IMG_1253.jpg","articleSection":["Antennes","Cr\u00e9ation d'entreprise","Paris","Partenaires"],"inLanguage":"fr-FR"},{"@type":"WebPage","@id":"https:\/\/preproduction.forcefemmes.com\/?p=20894","url":"https:\/\/preproduction.forcefemmes.com\/?p=20894","name":"35\u00e8me promotion du programme Motiv\u00e9es Pour Cr\u00e9er soutenue par la Caisse d'Epargne | Force Femmes","isPartOf":{"@id":"https:\/\/www.forcefemmes.com\/#website"},"primaryImageOfPage":{"@id":"https:\/\/preproduction.forcefemmes.com\/?p=20894#primaryimage"},"image":{"@id":"https:\/\/preproduction.forcefemmes.com\/?p=20894#primaryimage"},"thumbnailUrl":"https:\/\/www.forcefemmes.com\/wp-content\/uploads\/2022\/09\/IMG_1253.jpg","datePublished":"2023-03-09T09:53:00+00:00","dateModified":"2024-04-03T13:29:57+00:00","author":{"@id":"https:\/\/www.forcefemmes.com\/#\/schema\/person\/5bbda8a197fcdd46d3de8a8adc540d4f"},"breadcrumb":{"@id":"https:\/\/preproduction.forcefemmes.com\/?p=20894#breadcrumb"},"inLanguage":"fr-FR","potentialAction":[{"@type":"ReadAction","target":["https:\/\/preproduction.forcefemmes.com\/?p=20894"]}]},{"@type":"ImageObject","inLanguage":"fr-FR","@id":"https:\/\/preproduction.forcefemmes.com\/?p=20894#primaryimage","url":"https:\/\/www.forcefemmes.com\/wp-content\/uploads\/2022\/09\/IMG_1253.jpg","contentUrl":"https:\/\/www.forcefemmes.com\/wp-content\/uploads\/2022\/09\/IMG_1253.jpg","width":828,"height":828},{"@type":"BreadcrumbList","@id":"https:\/\/preproduction.forcefemmes.com\/?p=20894#breadcrumb","itemListElement":[{"@type":"ListItem","position":1,"name":"Accueil","item":"https:\/\/www.forcefemmes.com\/"},{"@type":"ListItem","position":2,"name":"35\u00e8me promotion du programme Motiv\u00e9es Pour Cr\u00e9er soutenue par la Caisse d&rsquo;Epargne"}]},{"@type":"WebSite","@id":"https:\/\/www.forcefemmes.com\/#website","url":"https:\/\/www.forcefemmes.com\/","name":"Force Femmes","description":"Agit pour l&#039;emploi des femmes de plus de 45 ans","potentialAction":[{"@type":"SearchAction","target":{"@type":"EntryPoint","urlTemplate":"https:\/\/www.forcefemmes.com\/?s={search_term_string}"},"query-input":{"@type":"PropertyValueSpecification","valueRequired":true,"valueName":"search_term_string"}}],"inLanguage":"fr-FR"},{"@type":"Person","@id":"https:\/\/www.forcefemmes.com\/#\/schema\/person\/5bbda8a197fcdd46d3de8a8adc540d4f","name":"info@forcefemmes.com","image":{"@type":"ImageObject","inLanguage":"fr-FR","@id":"https:\/\/secure.gravatar.com\/avatar\/59a27199a7c59611639f4688250f25c22dd80de380a1c288192b326a850411a4?s=96&d=mm&r=g","url":"https:\/\/secure.gravatar.com\/avatar\/59a27199a7c59611639f4688250f25c22dd80de380a1c288192b326a850411a4?s=96&d=mm&r=g","contentUrl":"https:\/\/secure.gravatar.com\/avatar\/59a27199a7c59611639f4688250f25c22dd80de380a1c288192b326a850411a4?s=96&d=mm&r=g","caption":"info@forcefemmes.com"},"url":"https:\/\/www.forcefemmes.com\/?author=1"}]}},"_links":{"self":[{"href":"https:\/\/www.forcefemmes.com\/index.php?rest_route=\/wp\/v2\/posts\/20894","targetHints":{"allow":["GET"]}}],"collection":[{"href":"https:\/\/www.forcefemmes.com\/index.php?rest_route=\/wp\/v2\/posts"}],"about":[{"href":"https:\/\/www.forcefemmes.com\/index.php?rest_route=\/wp\/v2\/types\/post"}],"author":[{"embeddable":true,"href":"https:\/\/www.forcefemmes.com\/index.php?rest_route=\/wp\/v2\/users\/1"}],"replies":[{"embeddable":true,"href":"https:\/\/www.forcefemmes.com\/index.php?rest_route=%2Fwp%2Fv2%2Fcomments&post=20894"}],"version-history":[{"count":9,"href":"https:\/\/www.forcefemmes.com\/index.php?rest_route=\/wp\/v2\/posts\/20894\/revisions"}],"predecessor-version":[{"id":22422,"href":"https:\/\/www.forcefemmes.com\/index.php?rest_route=\/wp\/v2\/posts\/20894\/revisions\/22422"}],"wp:featuredmedia":[{"embeddable":true,"href":"https:\/\/www.forcefemmes.com\/index.php?rest_route=\/wp\/v2\/media\/20573"}],"wp:attachment":[{"href":"https:\/\/www.forcefemmes.com\/index.php?rest_route=%2Fwp%2Fv2%2Fmedia&parent=20894"}],"wp:term":[{"taxonomy":"category","embeddable":true,"href":"https:\/\/www.forcefemmes.com\/index.php?rest_route=%2Fwp%2Fv2%2Fcategories&post=20894"},{"taxonomy":"post_tag","embeddable":true,"href":"https:\/\/www.forcefemmes.com\/index.php?rest_route=%2Fwp%2Fv2%2Ftags&post=20894"}],"curies":[{"name":"wp","href":"https:\/\/api.w.org\/{rel}","templated":true}]}}