{"id":21235,"date":"2023-05-17T13:35:22","date_gmt":"2023-05-17T11:35:22","guid":{"rendered":"https:\/\/www.forcefemmes.com\/?p=21235"},"modified":"2024-04-03T15:24:11","modified_gmt":"2024-04-03T13:24:11","slug":"finalistes-prix-des-entrepreneuses-2023","status":"publish","type":"post","link":"https:\/\/www.forcefemmes.com\/?p=21235","title":{"rendered":"Les finalistes du prix des entrepreneuses 2023"},"content":{"rendered":"<h1 style=\"text-align: left;\">Voici les 10 finalistes de la 14\u00e8me \u00e9dition du prix des entrepreneuses !<\/h1>\n<p><!--more--><\/p>\n<p style=\"text-align: left;\">Force Femmes est ravie de vous pr\u00e9senter les 10 femmes entrepreneures s\u00e9lectionn\u00e9es pour la finale du prix des entrepreneuses de 2023 qui aura lieu le 13 juin !<\/p>\n<div id=\"attachment_21237\" style=\"width: 113px\" class=\"wp-caption alignleft\"><img decoding=\"async\" aria-describedby=\"caption-attachment-21237\" class=\"wp-image-21237\" src=\"https:\/\/www.forcefemmes.com\/wp-content\/uploads\/2023\/05\/IMG_20190417_130748-768x1024.jpg\" alt=\"\" width=\"103\" height=\"137\" srcset=\"https:\/\/www.forcefemmes.com\/wp-content\/uploads\/2023\/05\/IMG_20190417_130748-768x1024.jpg 768w, https:\/\/www.forcefemmes.com\/wp-content\/uploads\/2023\/05\/IMG_20190417_130748-225x300.jpg 225w, https:\/\/www.forcefemmes.com\/wp-content\/uploads\/2023\/05\/IMG_20190417_130748-1152x1536.jpg 1152w, https:\/\/www.forcefemmes.com\/wp-content\/uploads\/2023\/05\/IMG_20190417_130748-1536x2048.jpg 1536w, https:\/\/www.forcefemmes.com\/wp-content\/uploads\/2023\/05\/IMG_20190417_130748-600x800.jpg 600w, https:\/\/www.forcefemmes.com\/wp-content\/uploads\/2023\/05\/IMG_20190417_130748-700x933.jpg 700w, https:\/\/www.forcefemmes.com\/wp-content\/uploads\/2023\/05\/IMG_20190417_130748-scaled.jpg 1920w\" sizes=\"(max-width: 103px) 100vw, 103px\" \/><p id=\"caption-attachment-21237\" class=\"wp-caption-text\"><span style=\"color: #800080;\">\u00a0 \u00a0 \u00a0Alexandra\u00a0 \u00a0 \u00a0 \u00a0 \u00a0 \u00a0 \u00a0 \u00a0 Behier\u00a0<\/span><\/p><\/div>\n<p><a href=\"https:\/\/www.linkedin.com\/company\/talentcoin\/\"><span style=\"text-decoration: underline;\"><strong>Talent coin<\/strong> <\/span>:<\/a> permet aux entreprises de voir les comp\u00e9tences autrement en autorisant leurs salari\u00e9s \u00e0 devenir ponctuellement les talents d&rsquo;autres entreprises. On permet aux entreprises de r\u00e9aliser leur projet m\u00eame quand les comp\u00e9tences ou le budget leur manquent en l&rsquo;externalisant ponctuellement et \u00e9changeant du temps de talent.<\/p>\n<p>&nbsp;<\/p>\n<h6><\/h6>\n<p>&nbsp;<\/p>\n<p>&nbsp;<\/p>\n<div id=\"attachment_21242\" style=\"width: 106px\" class=\"wp-caption alignleft\"><img decoding=\"async\" aria-describedby=\"caption-attachment-21242\" class=\"wp-image-21242\" src=\"https:\/\/www.forcefemmes.com\/wp-content\/uploads\/2023\/05\/ADM-Annuaire.jpeg\" alt=\"\" width=\"96\" height=\"118\" srcset=\"https:\/\/www.forcefemmes.com\/wp-content\/uploads\/2023\/05\/ADM-Annuaire.jpeg 693w, https:\/\/www.forcefemmes.com\/wp-content\/uploads\/2023\/05\/ADM-Annuaire-245x300.jpeg 245w\" sizes=\"(max-width: 96px) 100vw, 96px\" \/><p id=\"caption-attachment-21242\" class=\"wp-caption-text\"><span style=\"color: #800080;\">\u00a0 \u00a0 \u00a0 \u00a0 Anne\u00a0 \u00a0 \u00a0 \u00a0 \u00a0 \u00a0 \u00a0 \u00a0 Desmaison<\/span><\/p><\/div>\n<p><span style=\"font-size: 16px;\"><span style=\"text-decoration: underline;\"><a href=\"https:\/\/www.linkedin.com\/company\/olivianne\"><strong>Olivianne Reforest<\/strong><\/a> <\/span>: Nous cr\u00e9ons des micro-for\u00eats urbaines en Provence, ce sont de v\u00e9ritables ilots de fraicheur, de biodiversit\u00e9 et de bien-\u00eatre au sein des villes. La plantation participative permet de reconnecter les gens \u00e0 la nature et entre eux, et les sensibiliser aux bienfaits de la nature en ville, pour eux et pour l\u2019environnement.<\/span><\/p>\n<p>&nbsp;<\/p>\n<p>&nbsp;<\/p>\n<div id=\"attachment_21244\" style=\"width: 128px\" class=\"wp-caption alignleft\"><img decoding=\"async\" aria-describedby=\"caption-attachment-21244\" class=\"wp-image-21244\" src=\"https:\/\/www.forcefemmes.com\/wp-content\/uploads\/2023\/05\/Ingrid.png\" alt=\"\" width=\"118\" height=\"118\" \/><p id=\"caption-attachment-21244\" class=\"wp-caption-text\"><span style=\"color: #800080;\">\u00a0 \u00a0 \u00a0Ingrid Vonie<\/span><\/p><\/div>\n<p><span style=\"text-decoration: underline;\"><strong><a href=\"https:\/\/www.linkedin.com\/company\/zoi-france\/\">ZOI vivre mieux<\/a><\/strong><\/span> : Nous proposons des ateliers ludiques et p\u00e9dagogiques sur des th\u00e9matiques ayant un impact sur notre empreinte carbone, aux entreprises, aux collectivit\u00e9s et aux \u00e9tablissements scolaires gr\u00e2ce \u00e0 des outils p\u00e9dagogiques adapt\u00e9s aux diff\u00e9rents publics. L&rsquo;objectif est de sensibiliser et apprendre \u00e0 consommer moins et mieux.<\/p>\n<p>&nbsp;<\/p>\n<p>&nbsp;<\/p>\n<div id=\"attachment_21247\" style=\"width: 129px\" class=\"wp-caption alignleft\"><img loading=\"lazy\" decoding=\"async\" aria-describedby=\"caption-attachment-21247\" class=\"wp-image-21247\" src=\"https:\/\/www.forcefemmes.com\/wp-content\/uploads\/2023\/05\/photo-profil-scaled-e1684317206599-844x1024.jpg\" alt=\"\" width=\"119\" height=\"144\" srcset=\"https:\/\/www.forcefemmes.com\/wp-content\/uploads\/2023\/05\/photo-profil-scaled-e1684317206599-844x1024.jpg 844w, https:\/\/www.forcefemmes.com\/wp-content\/uploads\/2023\/05\/photo-profil-scaled-e1684317206599-247x300.jpg 247w, https:\/\/www.forcefemmes.com\/wp-content\/uploads\/2023\/05\/photo-profil-scaled-e1684317206599-768x932.jpg 768w, https:\/\/www.forcefemmes.com\/wp-content\/uploads\/2023\/05\/photo-profil-scaled-e1684317206599-1266x1536.jpg 1266w, https:\/\/www.forcefemmes.com\/wp-content\/uploads\/2023\/05\/photo-profil-scaled-e1684317206599-700x850.jpg 700w, https:\/\/www.forcefemmes.com\/wp-content\/uploads\/2023\/05\/photo-profil-scaled-e1684317206599.jpg 1376w\" sizes=\"(max-width: 119px) 100vw, 119px\" \/><p id=\"caption-attachment-21247\" class=\"wp-caption-text\"><span style=\"color: #800080;\">\u00a0 Elena Mancinelli<\/span><\/p><\/div>\n<p><span style=\"text-decoration: underline;\"><a href=\"https:\/\/www.linkedin.com\/in\/h%C3%A9l%C3%A8ne-mancinelli-78521498\/\"><strong>Alsace Connect<\/strong><\/a> <\/span>: Je dispense des formations dans le domaine de l&rsquo;informatique et \u00e9galement dans les m\u00e9tiers de la comptabilit\u00e9 et des ressources humaines. L&rsquo;originalit\u00e9 est que je me d\u00e9place de village en village gr\u00e2ce \u00e0 mon v\u00e9hicule num\u00e9rique connect\u00e9.<\/p>\n<p>&nbsp;<\/p>\n<p>&nbsp;<\/p>\n<p>&nbsp;<\/p>\n<p>&nbsp;<\/p>\n<div id=\"attachment_21257\" style=\"width: 129px\" class=\"wp-caption alignleft\"><img loading=\"lazy\" decoding=\"async\" aria-describedby=\"caption-attachment-21257\" class=\"wp-image-21257\" src=\"https:\/\/www.forcefemmes.com\/wp-content\/uploads\/2023\/05\/IMG_3471-scaled-e1684317397488-901x1024.jpeg\" alt=\"\" width=\"119\" height=\"136\" srcset=\"https:\/\/www.forcefemmes.com\/wp-content\/uploads\/2023\/05\/IMG_3471-scaled-e1684317397488-901x1024.jpeg 901w, https:\/\/www.forcefemmes.com\/wp-content\/uploads\/2023\/05\/IMG_3471-scaled-e1684317397488-264x300.jpeg 264w, https:\/\/www.forcefemmes.com\/wp-content\/uploads\/2023\/05\/IMG_3471-scaled-e1684317397488-768x873.jpeg 768w, https:\/\/www.forcefemmes.com\/wp-content\/uploads\/2023\/05\/IMG_3471-scaled-e1684317397488-1351x1536.jpeg 1351w, https:\/\/www.forcefemmes.com\/wp-content\/uploads\/2023\/05\/IMG_3471-scaled-e1684317397488-700x796.jpeg 700w, https:\/\/www.forcefemmes.com\/wp-content\/uploads\/2023\/05\/IMG_3471-scaled-e1684317397488.jpeg 1689w\" sizes=\"(max-width: 119px) 100vw, 119px\" \/><p id=\"caption-attachment-21257\" class=\"wp-caption-text\"><span style=\"color: #800080;\">\u00a0 Nathalie Moysan<\/span><\/p><\/div>\n<p>&nbsp;<\/p>\n<p><span style=\"text-decoration: underline;\"><a href=\"https:\/\/www.linkedin.com\/company\/mama-bears-solos-mais-super-h%C3%A9ros\/?viewAsMember=true\"><strong>Mama Bears<\/strong><\/a><\/span> est la plateforme num\u00e9rique qui rend la vie des mamans solos plus douce : elle favorise le lien social, l&rsquo;entraide, et permet de gagner en pouvoir d&rsquo;achat.<\/p>\n<p>&nbsp;<\/p>\n<p>&nbsp;<\/p>\n<p>&nbsp;<\/p>\n<div id=\"attachment_21260\" style=\"width: 150px\" class=\"wp-caption alignleft\"><img loading=\"lazy\" decoding=\"async\" aria-describedby=\"caption-attachment-21260\" class=\"wp-image-21260\" src=\"https:\/\/www.forcefemmes.com\/wp-content\/uploads\/2023\/05\/Pascale-LESAGE-Bis-scaled-e1684317598445-977x1024.jpg\" alt=\"\" width=\"140\" height=\"147\" srcset=\"https:\/\/www.forcefemmes.com\/wp-content\/uploads\/2023\/05\/Pascale-LESAGE-Bis-scaled-e1684317598445-977x1024.jpg 977w, https:\/\/www.forcefemmes.com\/wp-content\/uploads\/2023\/05\/Pascale-LESAGE-Bis-scaled-e1684317598445-286x300.jpg 286w, https:\/\/www.forcefemmes.com\/wp-content\/uploads\/2023\/05\/Pascale-LESAGE-Bis-scaled-e1684317598445-768x805.jpg 768w, https:\/\/www.forcefemmes.com\/wp-content\/uploads\/2023\/05\/Pascale-LESAGE-Bis-scaled-e1684317598445-1465x1536.jpg 1465w, https:\/\/www.forcefemmes.com\/wp-content\/uploads\/2023\/05\/Pascale-LESAGE-Bis-scaled-e1684317598445-700x734.jpg 700w, https:\/\/www.forcefemmes.com\/wp-content\/uploads\/2023\/05\/Pascale-LESAGE-Bis-scaled-e1684317598445.jpg 1715w\" sizes=\"(max-width: 140px) 100vw, 140px\" \/><p id=\"caption-attachment-21260\" class=\"wp-caption-text\"><span style=\"color: #800080;\">\u00a0 \u00a0 \u00a0 \u00a0Pascale Lesage<\/span><\/p><\/div>\n<p><span style=\"text-decoration: underline;\"><a href=\"https:\/\/www.linkedin.com\/company\/arthylae\/\"><strong>ARTHYLAE<\/strong><\/a><\/span> : En sublimant le verre, la plume, le m\u00e9tal et le bois, Arthylae accompagne les architectes et les d\u00e9corateurs d&rsquo;int\u00e9rieur en r\u00e9inventant un savoir-faire d\u2019excellence 100 % fran\u00e7ais, engag\u00e9 et innovant.<\/p>\n<p>&nbsp;<\/p>\n<p>&nbsp;<\/p>\n<p>&nbsp;<\/p>\n<div id=\"attachment_21262\" style=\"width: 143px\" class=\"wp-caption alignleft\"><img loading=\"lazy\" decoding=\"async\" aria-describedby=\"caption-attachment-21262\" class=\"wp-image-21262\" src=\"https:\/\/www.forcefemmes.com\/wp-content\/uploads\/2023\/05\/PHOTO-2-e1684317804975-901x1024.jpg\" alt=\"\" width=\"133\" height=\"152\" srcset=\"https:\/\/www.forcefemmes.com\/wp-content\/uploads\/2023\/05\/PHOTO-2-e1684317804975-901x1024.jpg 901w, https:\/\/www.forcefemmes.com\/wp-content\/uploads\/2023\/05\/PHOTO-2-e1684317804975-264x300.jpg 264w, https:\/\/www.forcefemmes.com\/wp-content\/uploads\/2023\/05\/PHOTO-2-e1684317804975-768x873.jpg 768w, https:\/\/www.forcefemmes.com\/wp-content\/uploads\/2023\/05\/PHOTO-2-e1684317804975-700x796.jpg 700w, https:\/\/www.forcefemmes.com\/wp-content\/uploads\/2023\/05\/PHOTO-2-e1684317804975.jpg 1073w\" sizes=\"(max-width: 133px) 100vw, 133px\" \/><p id=\"caption-attachment-21262\" class=\"wp-caption-text\"><span style=\"color: #800080;\">\u00a0 \u00a0 \u00a0 \u00a0Julie Rovero<\/span><\/p><\/div>\n<p><span style=\"text-decoration: underline;\"><a href=\"https:\/\/www.linkedin.com\/company\/myfairbook\"><strong>My Fair Book<\/strong><\/a> <\/span>: Dans un contexte de surproduction \u00e9ditoriale (140 millions de livres d\u00e9truits chaque ann\u00e9e, \u00bc de la production fran\u00e7aise), My Fair Book est une plateforme de vente en ligne de livres neufs, menac\u00e9s de pilon, finement s\u00e9lectionn\u00e9s et remis en lumi\u00e8re. Dans une logique d\u2019\u00e9conomie circulaire, My Fair Book offre de la bibliodiversit\u00e9, de la prescription et s\u2019apparente \u00e0 une table de libraire en ligne.<\/p>\n<p>&nbsp;<\/p>\n<p>&nbsp;<\/p>\n<p>&nbsp;<\/p>\n<div id=\"attachment_21264\" style=\"width: 137px\" class=\"wp-caption alignleft\"><img loading=\"lazy\" decoding=\"async\" aria-describedby=\"caption-attachment-21264\" class=\"wp-image-21264\" src=\"https:\/\/www.forcefemmes.com\/wp-content\/uploads\/2023\/05\/IMG_1460-scaled-e1684318131458-961x1024.jpg\" alt=\"\" width=\"127\" height=\"136\" srcset=\"https:\/\/www.forcefemmes.com\/wp-content\/uploads\/2023\/05\/IMG_1460-scaled-e1684318131458-961x1024.jpg 961w, https:\/\/www.forcefemmes.com\/wp-content\/uploads\/2023\/05\/IMG_1460-scaled-e1684318131458-281x300.jpg 281w, https:\/\/www.forcefemmes.com\/wp-content\/uploads\/2023\/05\/IMG_1460-scaled-e1684318131458-768x819.jpg 768w, https:\/\/www.forcefemmes.com\/wp-content\/uploads\/2023\/05\/IMG_1460-scaled-e1684318131458-1441x1536.jpg 1441w, https:\/\/www.forcefemmes.com\/wp-content\/uploads\/2023\/05\/IMG_1460-scaled-e1684318131458-700x746.jpg 700w, https:\/\/www.forcefemmes.com\/wp-content\/uploads\/2023\/05\/IMG_1460-scaled-e1684318131458.jpg 1651w\" sizes=\"(max-width: 127px) 100vw, 127px\" \/><p id=\"caption-attachment-21264\" class=\"wp-caption-text\"><span style=\"color: #800080;\">\u00a0 Karine Santamaria<\/span><\/p><\/div>\n<p><span style=\"text-decoration: underline;\"><a href=\"https:\/\/www.linkedin.com\/company\/80178057\/admin\/\"><strong>BatiFemmes<\/strong><\/a><\/span> est le r\u00e9seau des femmes Artisanes du 2nd \u0153uvre en Nouvelle-Aquitaine. Notre plateforme batifemmes.fr permet aux client(e)s qui le souhaitent d\u2019avoir recours \u00e0 des femmes artisanes peintres, plombi\u00e8res, \u00e9lectriciennes, carreleuses, soli\u00e8res, ma\u00e7onnes, pl\u00e2tri\u00e8res et menuisi\u00e8res. Au travers des t\u00e9moignages des Artisanes, ainsi que des informations sur les m\u00e9tiers, batifemmes.fr montre \u00e9galement aux jeunes filles et femmes en reconversion que les m\u00e9tiers du b\u00e2timent sont accessibles pour elles.<\/p>\n<p>&nbsp;<\/p>\n<p>&nbsp;<\/p>\n<div id=\"attachment_21266\" style=\"width: 139px\" class=\"wp-caption alignleft\"><img loading=\"lazy\" decoding=\"async\" aria-describedby=\"caption-attachment-21266\" class=\"wp-image-21266\" src=\"https:\/\/www.forcefemmes.com\/wp-content\/uploads\/2023\/05\/Photo-didentite-1-1.jpg\" alt=\"\" width=\"129\" height=\"120\" srcset=\"https:\/\/www.forcefemmes.com\/wp-content\/uploads\/2023\/05\/Photo-didentite-1-1.jpg 851w, https:\/\/www.forcefemmes.com\/wp-content\/uploads\/2023\/05\/Photo-didentite-1-1-300x278.jpg 300w, https:\/\/www.forcefemmes.com\/wp-content\/uploads\/2023\/05\/Photo-didentite-1-1-768x711.jpg 768w, https:\/\/www.forcefemmes.com\/wp-content\/uploads\/2023\/05\/Photo-didentite-1-1-700x648.jpg 700w\" sizes=\"(max-width: 129px) 100vw, 129px\" \/><p id=\"caption-attachment-21266\" class=\"wp-caption-text\"><span style=\"color: #800080;\">\u00a0 \u00a0 Laurence Cadet<\/span><\/p><\/div>\n<p><span style=\"text-decoration: underline;\"><a href=\"http:\/\/linkedin.com\/in\/lo-produits-m\u00e9nagers-pour-votre-maison-et-votre-linge-a7a558140\"><strong>LO<\/strong><\/a><\/span> : Des produits m\u00e9nagers \u00e9co responsable avec consigne.<\/p>\n<p>&nbsp;<\/p>\n<p>&nbsp;<\/p>\n<p>&nbsp;<\/p>\n<p>&nbsp;<\/p>\n<p>&nbsp;<\/p>\n<div id=\"attachment_21270\" style=\"width: 142px\" class=\"wp-caption alignleft\"><img loading=\"lazy\" decoding=\"async\" aria-describedby=\"caption-attachment-21270\" class=\"wp-image-21270\" src=\"https:\/\/www.forcefemmes.com\/wp-content\/uploads\/2023\/05\/TV8A5913-scaled-e1684318659597-997x1024.jpg\" alt=\"\" width=\"132\" height=\"136\" srcset=\"https:\/\/www.forcefemmes.com\/wp-content\/uploads\/2023\/05\/TV8A5913-scaled-e1684318659597-997x1024.jpg 997w, https:\/\/www.forcefemmes.com\/wp-content\/uploads\/2023\/05\/TV8A5913-scaled-e1684318659597-292x300.jpg 292w, https:\/\/www.forcefemmes.com\/wp-content\/uploads\/2023\/05\/TV8A5913-scaled-e1684318659597-768x789.jpg 768w, https:\/\/www.forcefemmes.com\/wp-content\/uploads\/2023\/05\/TV8A5913-scaled-e1684318659597-1496x1536.jpg 1496w, https:\/\/www.forcefemmes.com\/wp-content\/uploads\/2023\/05\/TV8A5913-scaled-e1684318659597-700x719.jpg 700w, https:\/\/www.forcefemmes.com\/wp-content\/uploads\/2023\/05\/TV8A5913-scaled-e1684318659597.jpg 1707w\" sizes=\"(max-width: 132px) 100vw, 132px\" \/><p id=\"caption-attachment-21270\" class=\"wp-caption-text\"><span style=\"color: #800080;\">\u00a0 \u00a0 \u00a0 \u00a0C\u00e9line Perrin<\/span><\/p><\/div>\n<p><span style=\"text-decoration: underline;\"><a href=\"https:\/\/www.linkedin.com\/company\/ng-formations-vin\/?viewAsMember=true\"><strong>NG Vin<\/strong><\/a><\/span> : Nous proposons des formations aux professionnels du secteur viticole . Nous partons d&rsquo;une probl\u00e9matique terrain afin de cr\u00e9er des formations pratico pratiques et efficaces.<\/p>\n","protected":false},"excerpt":{"rendered":"<p>Voici les 10 finalistes de la 14\u00e8me \u00e9dition du prix des entrepreneuses !<\/p>\n","protected":false},"author":1,"featured_media":21285,"comment_status":"closed","ping_status":"closed","sticky":false,"template":"","format":"standard","meta":{"footnotes":""},"categories":[126,139],"tags":[],"class_list":["post-21235","post","type-post","status-publish","format-standard","has-post-thumbnail","hentry","category-creation-dentreprise","category-prix-des-entrepreneuses"],"yoast_head":"<!-- This site is optimized with the Yoast SEO Premium plugin v27.0 (Yoast SEO v27.9) - https:\/\/yoast.com\/product\/yoast-seo-premium-wordpress\/ -->\n<title>Les finalistes du prix des entrepreneuses 2023 | Force Femmes<\/title>\n<meta name=\"robots\" content=\"index, follow, max-snippet:-1, max-image-preview:large, max-video-preview:-1\" \/>\n<link rel=\"canonical\" href=\"https:\/\/www.forcefemmes.com\/?p=21235\" \/>\n<meta property=\"og:locale\" content=\"fr_FR\" \/>\n<meta property=\"og:type\" content=\"article\" \/>\n<meta property=\"og:title\" content=\"Les finalistes du prix des entrepreneuses 2023\" \/>\n<meta property=\"og:description\" content=\"Voici les 10 finalistes de la 14\u00e8me \u00e9dition du prix des entrepreneuses !\" \/>\n<meta property=\"og:url\" content=\"https:\/\/www.forcefemmes.com\/?p=21235\" \/>\n<meta property=\"og:site_name\" content=\"Force Femmes\" \/>\n<meta property=\"article:published_time\" content=\"2023-05-17T11:35:22+00:00\" \/>\n<meta property=\"article:modified_time\" content=\"2024-04-03T13:24:11+00:00\" \/>\n<meta property=\"og:image\" content=\"https:\/\/www.forcefemmes.com\/wp-content\/uploads\/2023\/05\/finalistes-visuel-final-1024x819.png\" \/>\n\t<meta property=\"og:image:width\" content=\"1024\" \/>\n\t<meta property=\"og:image:height\" content=\"819\" \/>\n\t<meta property=\"og:image:type\" content=\"image\/png\" \/>\n<meta name=\"author\" content=\"info@forcefemmes.com\" \/>\n<meta name=\"twitter:card\" content=\"summary_large_image\" \/>\n<meta name=\"twitter:label1\" content=\"\u00c9crit par\" \/>\n\t<meta name=\"twitter:data1\" content=\"info@forcefemmes.com\" \/>\n\t<meta name=\"twitter:label2\" content=\"Dur\u00e9e de lecture estim\u00e9e\" \/>\n\t<meta name=\"twitter:data2\" content=\"3 minutes\" \/>\n<script type=\"application\/ld+json\" class=\"yoast-schema-graph\">{\"@context\":\"https:\\\/\\\/schema.org\",\"@graph\":[{\"@type\":\"Article\",\"@id\":\"https:\\\/\\\/www.forcefemmes.com\\\/?p=21235#article\",\"isPartOf\":{\"@id\":\"https:\\\/\\\/www.forcefemmes.com\\\/?p=21235\"},\"author\":{\"name\":\"info@forcefemmes.com\",\"@id\":\"https:\\\/\\\/www.forcefemmes.com\\\/#\\\/schema\\\/person\\\/5bbda8a197fcdd46d3de8a8adc540d4f\"},\"headline\":\"Les finalistes du prix des entrepreneuses 2023\",\"datePublished\":\"2023-05-17T11:35:22+00:00\",\"dateModified\":\"2024-04-03T13:24:11+00:00\",\"mainEntityOfPage\":{\"@id\":\"https:\\\/\\\/www.forcefemmes.com\\\/?p=21235\"},\"wordCount\":633,\"image\":{\"@id\":\"https:\\\/\\\/www.forcefemmes.com\\\/?p=21235#primaryimage\"},\"thumbnailUrl\":\"https:\\\/\\\/www.forcefemmes.com\\\/wp-content\\\/uploads\\\/2023\\\/05\\\/finalistes-visuel-final.png\",\"articleSection\":[\"Cr\u00e9ation d'entreprise\",\"Prix des entrepreneuses\"],\"inLanguage\":\"fr-FR\"},{\"@type\":\"WebPage\",\"@id\":\"https:\\\/\\\/www.forcefemmes.com\\\/?p=21235\",\"url\":\"https:\\\/\\\/www.forcefemmes.com\\\/?p=21235\",\"name\":\"Les finalistes du prix des entrepreneuses 2023 | Force Femmes\",\"isPartOf\":{\"@id\":\"https:\\\/\\\/www.forcefemmes.com\\\/#website\"},\"primaryImageOfPage\":{\"@id\":\"https:\\\/\\\/www.forcefemmes.com\\\/?p=21235#primaryimage\"},\"image\":{\"@id\":\"https:\\\/\\\/www.forcefemmes.com\\\/?p=21235#primaryimage\"},\"thumbnailUrl\":\"https:\\\/\\\/www.forcefemmes.com\\\/wp-content\\\/uploads\\\/2023\\\/05\\\/finalistes-visuel-final.png\",\"datePublished\":\"2023-05-17T11:35:22+00:00\",\"dateModified\":\"2024-04-03T13:24:11+00:00\",\"author\":{\"@id\":\"https:\\\/\\\/www.forcefemmes.com\\\/#\\\/schema\\\/person\\\/5bbda8a197fcdd46d3de8a8adc540d4f\"},\"breadcrumb\":{\"@id\":\"https:\\\/\\\/www.forcefemmes.com\\\/?p=21235#breadcrumb\"},\"inLanguage\":\"fr-FR\",\"potentialAction\":[{\"@type\":\"ReadAction\",\"target\":[\"https:\\\/\\\/www.forcefemmes.com\\\/?p=21235\"]}]},{\"@type\":\"ImageObject\",\"inLanguage\":\"fr-FR\",\"@id\":\"https:\\\/\\\/www.forcefemmes.com\\\/?p=21235#primaryimage\",\"url\":\"https:\\\/\\\/www.forcefemmes.com\\\/wp-content\\\/uploads\\\/2023\\\/05\\\/finalistes-visuel-final.png\",\"contentUrl\":\"https:\\\/\\\/www.forcefemmes.com\\\/wp-content\\\/uploads\\\/2023\\\/05\\\/finalistes-visuel-final.png\",\"width\":2000,\"height\":1600},{\"@type\":\"BreadcrumbList\",\"@id\":\"https:\\\/\\\/www.forcefemmes.com\\\/?p=21235#breadcrumb\",\"itemListElement\":[{\"@type\":\"ListItem\",\"position\":1,\"name\":\"Accueil\",\"item\":\"https:\\\/\\\/www.forcefemmes.com\\\/\"},{\"@type\":\"ListItem\",\"position\":2,\"name\":\"Les finalistes du prix des entrepreneuses 2023\"}]},{\"@type\":\"WebSite\",\"@id\":\"https:\\\/\\\/www.forcefemmes.com\\\/#website\",\"url\":\"https:\\\/\\\/www.forcefemmes.com\\\/\",\"name\":\"Force Femmes\",\"description\":\"Agit pour l&#039;emploi des femmes de plus de 45 ans\",\"potentialAction\":[{\"@type\":\"SearchAction\",\"target\":{\"@type\":\"EntryPoint\",\"urlTemplate\":\"https:\\\/\\\/www.forcefemmes.com\\\/?s={search_term_string}\"},\"query-input\":{\"@type\":\"PropertyValueSpecification\",\"valueRequired\":true,\"valueName\":\"search_term_string\"}}],\"inLanguage\":\"fr-FR\"},{\"@type\":\"Person\",\"@id\":\"https:\\\/\\\/www.forcefemmes.com\\\/#\\\/schema\\\/person\\\/5bbda8a197fcdd46d3de8a8adc540d4f\",\"name\":\"info@forcefemmes.com\",\"image\":{\"@type\":\"ImageObject\",\"inLanguage\":\"fr-FR\",\"@id\":\"https:\\\/\\\/secure.gravatar.com\\\/avatar\\\/59a27199a7c59611639f4688250f25c22dd80de380a1c288192b326a850411a4?s=96&d=mm&r=g\",\"url\":\"https:\\\/\\\/secure.gravatar.com\\\/avatar\\\/59a27199a7c59611639f4688250f25c22dd80de380a1c288192b326a850411a4?s=96&d=mm&r=g\",\"contentUrl\":\"https:\\\/\\\/secure.gravatar.com\\\/avatar\\\/59a27199a7c59611639f4688250f25c22dd80de380a1c288192b326a850411a4?s=96&d=mm&r=g\",\"caption\":\"info@forcefemmes.com\"},\"url\":\"https:\\\/\\\/www.forcefemmes.com\\\/?author=1\"}]}<\/script>\n<!-- \/ Yoast SEO Premium plugin. -->","yoast_head_json":{"title":"Les finalistes du prix des entrepreneuses 2023 | Force Femmes","robots":{"index":"index","follow":"follow","max-snippet":"max-snippet:-1","max-image-preview":"max-image-preview:large","max-video-preview":"max-video-preview:-1"},"canonical":"https:\/\/www.forcefemmes.com\/?p=21235","og_locale":"fr_FR","og_type":"article","og_title":"Les finalistes du prix des entrepreneuses 2023","og_description":"Voici les 10 finalistes de la 14\u00e8me \u00e9dition du prix des entrepreneuses !","og_url":"https:\/\/www.forcefemmes.com\/?p=21235","og_site_name":"Force Femmes","article_published_time":"2023-05-17T11:35:22+00:00","article_modified_time":"2024-04-03T13:24:11+00:00","og_image":[{"width":1024,"height":819,"url":"https:\/\/www.forcefemmes.com\/wp-content\/uploads\/2023\/05\/finalistes-visuel-final-1024x819.png","type":"image\/png"}],"author":"info@forcefemmes.com","twitter_card":"summary_large_image","twitter_misc":{"\u00c9crit par":"info@forcefemmes.com","Dur\u00e9e de lecture estim\u00e9e":"3 minutes"},"schema":{"@context":"https:\/\/schema.org","@graph":[{"@type":"Article","@id":"https:\/\/www.forcefemmes.com\/?p=21235#article","isPartOf":{"@id":"https:\/\/www.forcefemmes.com\/?p=21235"},"author":{"name":"info@forcefemmes.com","@id":"https:\/\/www.forcefemmes.com\/#\/schema\/person\/5bbda8a197fcdd46d3de8a8adc540d4f"},"headline":"Les finalistes du prix des entrepreneuses 2023","datePublished":"2023-05-17T11:35:22+00:00","dateModified":"2024-04-03T13:24:11+00:00","mainEntityOfPage":{"@id":"https:\/\/www.forcefemmes.com\/?p=21235"},"wordCount":633,"image":{"@id":"https:\/\/www.forcefemmes.com\/?p=21235#primaryimage"},"thumbnailUrl":"https:\/\/www.forcefemmes.com\/wp-content\/uploads\/2023\/05\/finalistes-visuel-final.png","articleSection":["Cr\u00e9ation d'entreprise","Prix des entrepreneuses"],"inLanguage":"fr-FR"},{"@type":"WebPage","@id":"https:\/\/www.forcefemmes.com\/?p=21235","url":"https:\/\/www.forcefemmes.com\/?p=21235","name":"Les finalistes du prix des entrepreneuses 2023 | Force Femmes","isPartOf":{"@id":"https:\/\/www.forcefemmes.com\/#website"},"primaryImageOfPage":{"@id":"https:\/\/www.forcefemmes.com\/?p=21235#primaryimage"},"image":{"@id":"https:\/\/www.forcefemmes.com\/?p=21235#primaryimage"},"thumbnailUrl":"https:\/\/www.forcefemmes.com\/wp-content\/uploads\/2023\/05\/finalistes-visuel-final.png","datePublished":"2023-05-17T11:35:22+00:00","dateModified":"2024-04-03T13:24:11+00:00","author":{"@id":"https:\/\/www.forcefemmes.com\/#\/schema\/person\/5bbda8a197fcdd46d3de8a8adc540d4f"},"breadcrumb":{"@id":"https:\/\/www.forcefemmes.com\/?p=21235#breadcrumb"},"inLanguage":"fr-FR","potentialAction":[{"@type":"ReadAction","target":["https:\/\/www.forcefemmes.com\/?p=21235"]}]},{"@type":"ImageObject","inLanguage":"fr-FR","@id":"https:\/\/www.forcefemmes.com\/?p=21235#primaryimage","url":"https:\/\/www.forcefemmes.com\/wp-content\/uploads\/2023\/05\/finalistes-visuel-final.png","contentUrl":"https:\/\/www.forcefemmes.com\/wp-content\/uploads\/2023\/05\/finalistes-visuel-final.png","width":2000,"height":1600},{"@type":"BreadcrumbList","@id":"https:\/\/www.forcefemmes.com\/?p=21235#breadcrumb","itemListElement":[{"@type":"ListItem","position":1,"name":"Accueil","item":"https:\/\/www.forcefemmes.com\/"},{"@type":"ListItem","position":2,"name":"Les finalistes du prix des entrepreneuses 2023"}]},{"@type":"WebSite","@id":"https:\/\/www.forcefemmes.com\/#website","url":"https:\/\/www.forcefemmes.com\/","name":"Force Femmes","description":"Agit pour l&#039;emploi des femmes de plus de 45 ans","potentialAction":[{"@type":"SearchAction","target":{"@type":"EntryPoint","urlTemplate":"https:\/\/www.forcefemmes.com\/?s={search_term_string}"},"query-input":{"@type":"PropertyValueSpecification","valueRequired":true,"valueName":"search_term_string"}}],"inLanguage":"fr-FR"},{"@type":"Person","@id":"https:\/\/www.forcefemmes.com\/#\/schema\/person\/5bbda8a197fcdd46d3de8a8adc540d4f","name":"info@forcefemmes.com","image":{"@type":"ImageObject","inLanguage":"fr-FR","@id":"https:\/\/secure.gravatar.com\/avatar\/59a27199a7c59611639f4688250f25c22dd80de380a1c288192b326a850411a4?s=96&d=mm&r=g","url":"https:\/\/secure.gravatar.com\/avatar\/59a27199a7c59611639f4688250f25c22dd80de380a1c288192b326a850411a4?s=96&d=mm&r=g","contentUrl":"https:\/\/secure.gravatar.com\/avatar\/59a27199a7c59611639f4688250f25c22dd80de380a1c288192b326a850411a4?s=96&d=mm&r=g","caption":"info@forcefemmes.com"},"url":"https:\/\/www.forcefemmes.com\/?author=1"}]}},"_links":{"self":[{"href":"https:\/\/www.forcefemmes.com\/index.php?rest_route=\/wp\/v2\/posts\/21235","targetHints":{"allow":["GET"]}}],"collection":[{"href":"https:\/\/www.forcefemmes.com\/index.php?rest_route=\/wp\/v2\/posts"}],"about":[{"href":"https:\/\/www.forcefemmes.com\/index.php?rest_route=\/wp\/v2\/types\/post"}],"author":[{"embeddable":true,"href":"https:\/\/www.forcefemmes.com\/index.php?rest_route=\/wp\/v2\/users\/1"}],"replies":[{"embeddable":true,"href":"https:\/\/www.forcefemmes.com\/index.php?rest_route=%2Fwp%2Fv2%2Fcomments&post=21235"}],"version-history":[{"count":30,"href":"https:\/\/www.forcefemmes.com\/index.php?rest_route=\/wp\/v2\/posts\/21235\/revisions"}],"predecessor-version":[{"id":22416,"href":"https:\/\/www.forcefemmes.com\/index.php?rest_route=\/wp\/v2\/posts\/21235\/revisions\/22416"}],"wp:featuredmedia":[{"embeddable":true,"href":"https:\/\/www.forcefemmes.com\/index.php?rest_route=\/wp\/v2\/media\/21285"}],"wp:attachment":[{"href":"https:\/\/www.forcefemmes.com\/index.php?rest_route=%2Fwp%2Fv2%2Fmedia&parent=21235"}],"wp:term":[{"taxonomy":"category","embeddable":true,"href":"https:\/\/www.forcefemmes.com\/index.php?rest_route=%2Fwp%2Fv2%2Fcategories&post=21235"},{"taxonomy":"post_tag","embeddable":true,"href":"https:\/\/www.forcefemmes.com\/index.php?rest_route=%2Fwp%2Fv2%2Ftags&post=21235"}],"curies":[{"name":"wp","href":"https:\/\/api.w.org\/{rel}","templated":true}]}}