{"id":21989,"date":"2023-02-24T15:14:36","date_gmt":"2023-02-24T14:14:36","guid":{"rendered":"https:\/\/www.forcefemmes.com\/?p=21989"},"modified":"2024-03-25T15:42:31","modified_gmt":"2024-03-25T14:42:31","slug":"le-forum-des-entrepreneuses-a-bordeaux","status":"publish","type":"post","link":"https:\/\/www.forcefemmes.com\/?p=21989","title":{"rendered":"Le forum des entrepreneuses \u00e0 Bordeaux"},"content":{"rendered":"<p>\ud83c\udfac [R\u00e9trospective] Retour sur la premi\u00e8re \u00e9dition Forum des entrepreneuses by\u00a0<a href=\"https:\/\/www.linkedin.com\/company\/force-femmes\/\" data-attribute-index=\"0\" data-entity-type=\"MINI_COMPANY\">Force Femmes<\/a>, une journ\u00e9e d\u00e9di\u00e9e \u00e0 l\u2019entrepreneuriat des femmes.<\/p>\n<p>\ud83c\udf99\ufe0fDeux conf\u00e9rences \u00ab\u00a0OSEZ parler d\u2019argent\u00a0\u00bb et \u00ab\u00a0OSEZ s\u2019entourer, la force du collectif\u00a0\u00bb pour s\u2019informer, s\u2019inspirer et \u00e9changer.<\/p>\n<p>\ud83d\udcab Des temps en individuel pour tester son pitch ou ses chiffres, optimiser sa pr\u00e9sence en ligne, et b\u00e9n\u00e9ficier d\u2019un coaching flash<\/p>\n<p>\ud83c\udf3b\u00a0Des ateliers pour prendre un temps pour soi<\/p>\n<p>\ud83c\udf08 Les t\u00e9moignages inspirants d&rsquo;une promotion Motiv\u00e9es pour Cr\u00e9er @Sylvie nabet\u00a0<a href=\"https:\/\/www.linkedin.com\/in\/ACoAAA3kjn0BDzfMvjoWFN_RfXJXi4rvOUdo_iY\" data-attribute-index=\"2\" data-entity-type=\"MINI_PROFILE\">Angela CUMIN (Angebulle)<\/a>,\u00a0<a href=\"https:\/\/www.linkedin.com\/in\/ACoAAAAj8E8BrQRrwFZ409r4JpSXUVp8BXecIX0\" data-attribute-index=\"4\" data-entity-type=\"MINI_PROFILE\">Sabine de leissegues<\/a>\u00a0<a href=\"https:\/\/www.linkedin.com\/feed\/hashtag\/?keywords=wonderff&amp;highlightedUpdateUrns=urn%3Ali%3Aactivity%3A7038847981768339456\" data-attribute-index=\"6\">#WonderFF<\/a><\/p>\n<p>\ud83d\udd2525 experts se sont mobilis\u00e9s durant la journ\u00e9e pour rencontrer, partager leurs exp\u00e9riences et \u00e9changer avec les participantes.<\/p>\n<p>\ud83d\ude8060 entrepreneuses ou futures entrepreneuses sont venues d\u00e9voiler leurs projets, leurs envies et \u00e9changer avec nos experts.<\/p>\n<p>\ud83d\ude4f Un immense merci \u00e0\u00a0<a href=\"https:\/\/www.linkedin.com\/company\/maaf\/\" data-attribute-index=\"7\" data-entity-type=\"MINI_COMPANY\">MAAF Assurances<\/a>\u00a0(<a href=\"https:\/\/www.linkedin.com\/in\/ACoAAC1_2DoBUaCsLfhA9PmIXpml1OYiyQGzhq4\" data-attribute-index=\"9\" data-entity-type=\"MINI_PROFILE\">Isabelle Combettes<\/a>\u00a0et\u00a0<a href=\"https:\/\/www.linkedin.com\/in\/ACoAADXiGagBIjZRkGSBkHEv39LUS-JxPqmB8qM\" data-attribute-index=\"11\" data-entity-type=\"MINI_PROFILE\">Patrick BABY<\/a>), \u00e0 l\u2019\u00a0<a href=\"https:\/\/www.linkedin.com\/company\/association-l-burn-les-burnettes\/\" data-attribute-index=\"13\" data-entity-type=\"MINI_COMPANY\">Association L&rsquo;BURN &#8211; Les BURN&rsquo;ettes<\/a>\u00a0pour l\u2019accueil \u00e0 la Maison des burnettes (\u00a0<a href=\"https:\/\/www.linkedin.com\/in\/ACoAACw4UA8B6Fpn8dAUr8mA3mWFvUSH-iu09WM\" data-attribute-index=\"15\" data-entity-type=\"MINI_PROFILE\">Anne-Sophie VIVES<\/a>\u00a0et\u00a0<a href=\"https:\/\/www.linkedin.com\/in\/ACoAAAPtpr8B2xsHH6mpqD3qbiVJ35gfEjOXRf0\" data-attribute-index=\"17\" data-entity-type=\"MINI_PROFILE\">Juliette Lacaze<\/a>) et \u00e0 l\u2019ensemble des intervenants et partenaires pr\u00e9sents.<\/p>\n<p><a href=\"https:\/\/www.linkedin.com\/in\/ACoAACy-xc4BDQbNyRaGDG4pxuvrw3OzEvSWbOY\" data-attribute-index=\"19\" data-entity-type=\"MINI_PROFILE\">Guillaume PROVOST<\/a>,\u00a0<a href=\"https:\/\/www.linkedin.com\/company\/bpifrance\/\" data-attribute-index=\"21\" data-entity-type=\"MINI_COMPANY\">Bpifrance<\/a>,\u00a0<a href=\"https:\/\/www.linkedin.com\/in\/ACoAAAkU_s8B_q6x__S9b0lkJVgdfiJcK2jlwhU\" data-attribute-index=\"23\" data-entity-type=\"MINI_PROFILE\">Emmanuelle Daviaud<\/a>,\u00a0<a href=\"https:\/\/www.linkedin.com\/in\/ACoAABZgAH4Bzv_MT4EkkZyraGkSqCmIhtLIitg\" data-attribute-index=\"25\" data-entity-type=\"MINI_PROFILE\">Laura LESTURGEON-CAYLA<\/a>,\u00a0<a href=\"https:\/\/www.linkedin.com\/in\/ACoAACKpMwABKX87mW-6DaljaBvE2Xgj7T6RWbc\" data-attribute-index=\"27\" data-entity-type=\"MINI_PROFILE\">David De Dryver<\/a>,\u00a0<a href=\"https:\/\/www.linkedin.com\/in\/ACoAABZxvKsBaxRCTJhyKi9CBslvQQZSGZSCIRc\" data-attribute-index=\"29\" data-entity-type=\"MINI_PROFILE\">Constantin Baudu<\/a>,\u00a0<a href=\"https:\/\/www.linkedin.com\/in\/ACoAAChE3vwBFPs45Q53eJwZBLMFOoJXGwOFtyc\" data-attribute-index=\"31\" data-entity-type=\"MINI_PROFILE\">Vanina OSIECKI<\/a>,\u00a0<a href=\"https:\/\/www.linkedin.com\/in\/ACoAAAZU-dcB-D6JKpQMtqx5miZc_z7q3vGCaIk\" data-attribute-index=\"33\" data-entity-type=\"MINI_PROFILE\">Yasmine HOARAU<\/a>,\u00a0<a href=\"https:\/\/www.linkedin.com\/in\/ACoAABCS2sIB7bkMsvPR3hjz7GbSCSgB-wSAUp4\" data-attribute-index=\"35\" data-entity-type=\"MINI_PROFILE\">Karine GOETGHELUCK<\/a>,\u00a0<a href=\"https:\/\/www.linkedin.com\/in\/ACoAABaDJ1kB8XBglXBZwjrW7JNqieFRWfT_PlU\" data-attribute-index=\"37\" data-entity-type=\"MINI_PROFILE\">Agnes Bernard<\/a>,\u00a0<a href=\"https:\/\/www.linkedin.com\/in\/ACoAAAJ4XXcB7OTzMxHCWR5tBFHRrsTlSfkWpc4\" data-attribute-index=\"39\" data-entity-type=\"MINI_PROFILE\">Bruno Dunoyer de Segonzac<\/a>,\u00a0<a href=\"https:\/\/www.linkedin.com\/in\/ACoAACvsdm4BC2rQC9nXUIhTGvfTw9XjcBGqZR0\" data-attribute-index=\"41\" data-entity-type=\"MINI_PROFILE\">Laurence PALLUET<\/a>,\u00a0<a href=\"https:\/\/www.linkedin.com\/company\/google-ateliers-num%C3%A9riques\/\" data-attribute-index=\"43\" data-entity-type=\"MINI_COMPANY\">Google Ateliers Num\u00e9riques<\/a>,\u00a0<a href=\"https:\/\/www.linkedin.com\/in\/ACoAACDbHGoBdXiiz0mgYrALvhL73gvLju8iAdw\" data-attribute-index=\"45\" data-entity-type=\"MINI_PROFILE\">Joseph VICENT<\/a>,\u00a0<a href=\"https:\/\/www.linkedin.com\/in\/ACoAAAAIjVsBsz9PdZe4zzY1cx6N4jFdqImag0o\" data-attribute-index=\"47\" data-entity-type=\"MINI_PROFILE\">Arnaud Poeydomenge<\/a>,\u00a0<a href=\"https:\/\/www.linkedin.com\/in\/ACoAAAI7CL4BJeZkXt7JxDlgRU62dXSVVaqO0Wo\" data-attribute-index=\"49\" data-entity-type=\"MINI_PROFILE\">Pascale Darquey<\/a>,\u00a0<a href=\"https:\/\/www.linkedin.com\/in\/ACoAAABqBD0BOvotxqaW10rZmySffXHkUPunN50\" data-attribute-index=\"51\" data-entity-type=\"MINI_PROFILE\">Delphine Jacquet \u2728<\/a>,\u00a0<a href=\"https:\/\/www.linkedin.com\/in\/ACoAACcosD0BN9Co3Hhos7Zy8ehbT29QThpsTTw\" data-attribute-index=\"53\" data-entity-type=\"MINI_PROFILE\">sylvie Lacarriere<\/a>,\u00a0<a href=\"https:\/\/www.linkedin.com\/in\/ACoAAAMql5MB1VTYGmwIj3WoJqQB6D9qcr1QmGY\" data-attribute-index=\"55\" data-entity-type=\"MINI_PROFILE\">Cl\u00e9mence Campech<\/a>,\u00a0<a href=\"https:\/\/www.linkedin.com\/in\/ACoAABtxDqsB2Qk1K31tpFGataU8mG8tukrhGA0\" data-attribute-index=\"57\" data-entity-type=\"MINI_PROFILE\">Agn\u00e8s Nardon<\/a>,\u00a0<a href=\"https:\/\/www.linkedin.com\/company\/urssaf-aquitaine\/\" data-attribute-index=\"59\" data-entity-type=\"MINI_COMPANY\">Urssaf Aquitaine<\/a>,\u00a0<a href=\"https:\/\/www.linkedin.com\/in\/ACoAAC5EVacBthdcZvFoZBX8duPDks4RIlke21A\" data-attribute-index=\"61\" data-entity-type=\"MINI_PROFILE\">Valentine Semoulin<\/a>,\u00a0<a href=\"https:\/\/www.linkedin.com\/company\/konexio\/\" data-attribute-index=\"63\" data-entity-type=\"MINI_COMPANY\">Konexio<\/a><\/p>\n<p>\ud83d\udc9c Mention sp\u00e9ciale \u00e0\u00a0<a href=\"https:\/\/www.linkedin.com\/in\/ACoAAARdF8oB4JR8nrzLjhQ-JpIWA1s_jGsbQbo\" data-attribute-index=\"65\" data-entity-type=\"MINI_PROFILE\">Laurence MARAVAL<\/a>,\u00a0<a href=\"https:\/\/www.linkedin.com\/in\/ACoAABiYCW8Bpm0T3icTIzHgN87aIKt1QdTVRXM\" data-attribute-index=\"67\" data-entity-type=\"MINI_PROFILE\">Nicole VISENTIN<\/a>,\u00a0<a href=\"https:\/\/www.linkedin.com\/in\/ACoAAD22xPYBAjcaMHWxMyMwtkt8PyiCoDONGjU\" data-attribute-index=\"69\" data-entity-type=\"MINI_PROFILE\">Nathalie Grelier-Hourcau<\/a>,\u00a0<a href=\"https:\/\/www.linkedin.com\/in\/ACoAACYjrXkBdcqcqyfY6MPROxoe3GfEOipAtO4\" data-attribute-index=\"71\" data-entity-type=\"MINI_PROFILE\">Nathalie GAUCHER-PIOLA<\/a>,\u00a0<a href=\"https:\/\/www.linkedin.com\/in\/ACoAAAXelVkBNQxyg5zAGlFy99Pzzk9IYoXIo7c\" data-attribute-index=\"73\" data-entity-type=\"MINI_PROFILE\">Audrey ROBERT<\/a>\u00a0pour l\u2019organisation et l\u2019animation de cette journ\u00e9e\u00a0!<\/p>\n<p>\u2b50 \u2b50 \u2b50 \u2b50 \u2b50Satisfaction des participantes<\/p>\n<p>\ud83d\udde8\ufe0f Paroles de participantes :<\/p>\n<p>\u00ab\u00a0Tr\u00e8s bel \u00e9v\u00e9nement, dans un lieu cosy, apaisant, des intervenantes inspirantes, une belle organisation, des partenaires FF tr\u00e8s accessibles, des conseils et informations sympathique et utiles pour la suite de mon parcours , un temps de d\u00e9tente et de rencontres autour d\u2019un agr\u00e9able buffet.\u00a0\u00bb<\/p>\n<p>\u00ab\u00a0Ce forum m\u2019a permis de rencontrer et \u00e9changer avec d\u2019autres personnes dans le m\u00eame cas que moi et dans un tout autre univers, cela m\u2019a permis de ne pas me sentir seule dans mon projet.\u00a0\u00bb<\/p>\n<p>\u00ab\u00a0Tr\u00e8s belle journ\u00e9e avec deux conf\u00e9rences adapt\u00e9es \u00e0 l&rsquo;entreprenariat au f\u00e9minin, des interventions en phase voire poignante!! Ateliers tr\u00e8s int\u00e9ressants\u00a0\u00bb<\/p>\n<p>\ud83d\udde8\ufe0f Paroles de participantes : le Forum des entrepreneuses\u00a0en un mot ?<\/p>\n<p>Professionnalisme, bienveillance, sororit\u00e9, dynamisant, reboostant, interactif, partage, Cr\u00e9ation de d\u00e9clics<\/p>\n<p>\ud83d\udcab\u00a0<a href=\"https:\/\/www.linkedin.com\/company\/les-premieres-nouvelle-aquitaine\/\" data-attribute-index=\"75\" data-entity-type=\"MINI_COMPANY\">Les Premi\u00e8res Nouvelle-Aquitaine<\/a>&#8211; I\u00a0<a href=\"https:\/\/www.linkedin.com\/company\/couveuse-anabase-mie\/\" data-attribute-index=\"77\" data-entity-type=\"MINI_COMPANY\">Couveuse Anabase &#8211; MIE<\/a>\u00a0I\u00a0<a href=\"https:\/\/www.linkedin.com\/company\/60-000-rebonds\/\" data-attribute-index=\"79\" data-entity-type=\"MINI_COMPANY\">60 000 rebonds<\/a><\/p>\n","protected":false},"excerpt":{"rendered":"<p>\ud83c\udfac [R\u00e9trospective] Retour sur la premi\u00e8re \u00e9dition Forum des entrepreneuses by\u00a0Force Femmes, une journ\u00e9e d\u00e9di\u00e9e \u00e0 l\u2019entrepreneuriat des femmes. \ud83c\udf99\ufe0fDeux conf\u00e9rences \u00ab\u00a0OSEZ parler d\u2019argent\u00a0\u00bb et \u00ab\u00a0OSEZ s\u2019entourer, la force du collectif\u00a0\u00bb pour s\u2019informer, s\u2019inspirer et \u00e9changer. \ud83d\udcab Des temps en individuel pour tester son pitch&#8230;<\/p>\n","protected":false},"author":1,"featured_media":21991,"comment_status":"closed","ping_status":"closed","sticky":false,"template":"","format":"standard","meta":{"footnotes":""},"categories":[143,133,126,128],"tags":[],"class_list":["post-21989","post","type-post","status-publish","format-standard","has-post-thumbnail","hentry","category-antennes","category-bordeaux","category-creation-dentreprise","category-evenements"],"yoast_head":"<!-- This site is optimized with the Yoast SEO Premium plugin v27.0 (Yoast SEO v27.9) - https:\/\/yoast.com\/product\/yoast-seo-premium-wordpress\/ -->\n<title>Le forum des entrepreneuses \u00e0 Bordeaux | Force Femmes<\/title>\n<meta name=\"robots\" content=\"index, follow, max-snippet:-1, max-image-preview:large, max-video-preview:-1\" \/>\n<link rel=\"canonical\" href=\"https:\/\/www.forcefemmes.com\/?p=21989\" \/>\n<meta property=\"og:locale\" content=\"fr_FR\" \/>\n<meta property=\"og:type\" content=\"article\" \/>\n<meta property=\"og:title\" content=\"Le forum des entrepreneuses \u00e0 Bordeaux\" \/>\n<meta property=\"og:description\" content=\"\ud83c\udfac [R\u00e9trospective] Retour sur la premi\u00e8re \u00e9dition Forum des entrepreneuses by\u00a0Force Femmes, une journ\u00e9e d\u00e9di\u00e9e \u00e0 l\u2019entrepreneuriat des femmes. \ud83c\udf99\ufe0fDeux conf\u00e9rences \u00ab\u00a0OSEZ parler d\u2019argent\u00a0\u00bb et \u00ab\u00a0OSEZ s\u2019entourer, la force du collectif\u00a0\u00bb pour s\u2019informer, s\u2019inspirer et \u00e9changer. \ud83d\udcab Des temps en individuel pour tester son pitch...\" \/>\n<meta property=\"og:url\" content=\"https:\/\/www.forcefemmes.com\/?p=21989\" \/>\n<meta property=\"og:site_name\" content=\"Force Femmes\" \/>\n<meta property=\"article:published_time\" content=\"2023-02-24T14:14:36+00:00\" \/>\n<meta property=\"article:modified_time\" content=\"2024-03-25T14:42:31+00:00\" \/>\n<meta property=\"og:image\" content=\"https:\/\/www.forcefemmes.com\/wp-content\/uploads\/2024\/01\/1678192132364.jpeg\" \/>\n\t<meta property=\"og:image:width\" content=\"2048\" \/>\n\t<meta property=\"og:image:height\" content=\"1153\" \/>\n\t<meta property=\"og:image:type\" content=\"image\/jpeg\" \/>\n<meta name=\"author\" content=\"info@forcefemmes.com\" \/>\n<meta name=\"twitter:card\" content=\"summary_large_image\" \/>\n<meta name=\"twitter:label1\" content=\"\u00c9crit par\" \/>\n\t<meta name=\"twitter:data1\" content=\"info@forcefemmes.com\" \/>\n\t<meta name=\"twitter:label2\" content=\"Dur\u00e9e de lecture estim\u00e9e\" \/>\n\t<meta name=\"twitter:data2\" content=\"2 minutes\" \/>\n<script type=\"application\/ld+json\" class=\"yoast-schema-graph\">{\"@context\":\"https:\\\/\\\/schema.org\",\"@graph\":[{\"@type\":\"Article\",\"@id\":\"https:\\\/\\\/www.forcefemmes.com\\\/?p=21989#article\",\"isPartOf\":{\"@id\":\"https:\\\/\\\/www.forcefemmes.com\\\/?p=21989\"},\"author\":{\"name\":\"info@forcefemmes.com\",\"@id\":\"https:\\\/\\\/www.forcefemmes.com\\\/#\\\/schema\\\/person\\\/5bbda8a197fcdd46d3de8a8adc540d4f\"},\"headline\":\"Le forum des entrepreneuses \u00e0 Bordeaux\",\"datePublished\":\"2023-02-24T14:14:36+00:00\",\"dateModified\":\"2024-03-25T14:42:31+00:00\",\"mainEntityOfPage\":{\"@id\":\"https:\\\/\\\/www.forcefemmes.com\\\/?p=21989\"},\"wordCount\":409,\"image\":{\"@id\":\"https:\\\/\\\/www.forcefemmes.com\\\/?p=21989#primaryimage\"},\"thumbnailUrl\":\"https:\\\/\\\/www.forcefemmes.com\\\/wp-content\\\/uploads\\\/2024\\\/01\\\/1678192132364.jpeg\",\"articleSection\":[\"Antennes\",\"Bordeaux\",\"Cr\u00e9ation d'entreprise\",\"Ev\u00e8nements\"],\"inLanguage\":\"fr-FR\"},{\"@type\":\"WebPage\",\"@id\":\"https:\\\/\\\/www.forcefemmes.com\\\/?p=21989\",\"url\":\"https:\\\/\\\/www.forcefemmes.com\\\/?p=21989\",\"name\":\"Le forum des entrepreneuses \u00e0 Bordeaux | Force Femmes\",\"isPartOf\":{\"@id\":\"https:\\\/\\\/www.forcefemmes.com\\\/#website\"},\"primaryImageOfPage\":{\"@id\":\"https:\\\/\\\/www.forcefemmes.com\\\/?p=21989#primaryimage\"},\"image\":{\"@id\":\"https:\\\/\\\/www.forcefemmes.com\\\/?p=21989#primaryimage\"},\"thumbnailUrl\":\"https:\\\/\\\/www.forcefemmes.com\\\/wp-content\\\/uploads\\\/2024\\\/01\\\/1678192132364.jpeg\",\"datePublished\":\"2023-02-24T14:14:36+00:00\",\"dateModified\":\"2024-03-25T14:42:31+00:00\",\"author\":{\"@id\":\"https:\\\/\\\/www.forcefemmes.com\\\/#\\\/schema\\\/person\\\/5bbda8a197fcdd46d3de8a8adc540d4f\"},\"breadcrumb\":{\"@id\":\"https:\\\/\\\/www.forcefemmes.com\\\/?p=21989#breadcrumb\"},\"inLanguage\":\"fr-FR\",\"potentialAction\":[{\"@type\":\"ReadAction\",\"target\":[\"https:\\\/\\\/www.forcefemmes.com\\\/?p=21989\"]}]},{\"@type\":\"ImageObject\",\"inLanguage\":\"fr-FR\",\"@id\":\"https:\\\/\\\/www.forcefemmes.com\\\/?p=21989#primaryimage\",\"url\":\"https:\\\/\\\/www.forcefemmes.com\\\/wp-content\\\/uploads\\\/2024\\\/01\\\/1678192132364.jpeg\",\"contentUrl\":\"https:\\\/\\\/www.forcefemmes.com\\\/wp-content\\\/uploads\\\/2024\\\/01\\\/1678192132364.jpeg\",\"width\":2048,\"height\":1153},{\"@type\":\"BreadcrumbList\",\"@id\":\"https:\\\/\\\/www.forcefemmes.com\\\/?p=21989#breadcrumb\",\"itemListElement\":[{\"@type\":\"ListItem\",\"position\":1,\"name\":\"Accueil\",\"item\":\"https:\\\/\\\/www.forcefemmes.com\\\/\"},{\"@type\":\"ListItem\",\"position\":2,\"name\":\"Le forum des entrepreneuses \u00e0 Bordeaux\"}]},{\"@type\":\"WebSite\",\"@id\":\"https:\\\/\\\/www.forcefemmes.com\\\/#website\",\"url\":\"https:\\\/\\\/www.forcefemmes.com\\\/\",\"name\":\"Force Femmes\",\"description\":\"Agit pour l&#039;emploi des femmes de plus de 45 ans\",\"potentialAction\":[{\"@type\":\"SearchAction\",\"target\":{\"@type\":\"EntryPoint\",\"urlTemplate\":\"https:\\\/\\\/www.forcefemmes.com\\\/?s={search_term_string}\"},\"query-input\":{\"@type\":\"PropertyValueSpecification\",\"valueRequired\":true,\"valueName\":\"search_term_string\"}}],\"inLanguage\":\"fr-FR\"},{\"@type\":\"Person\",\"@id\":\"https:\\\/\\\/www.forcefemmes.com\\\/#\\\/schema\\\/person\\\/5bbda8a197fcdd46d3de8a8adc540d4f\",\"name\":\"info@forcefemmes.com\",\"image\":{\"@type\":\"ImageObject\",\"inLanguage\":\"fr-FR\",\"@id\":\"https:\\\/\\\/secure.gravatar.com\\\/avatar\\\/59a27199a7c59611639f4688250f25c22dd80de380a1c288192b326a850411a4?s=96&d=mm&r=g\",\"url\":\"https:\\\/\\\/secure.gravatar.com\\\/avatar\\\/59a27199a7c59611639f4688250f25c22dd80de380a1c288192b326a850411a4?s=96&d=mm&r=g\",\"contentUrl\":\"https:\\\/\\\/secure.gravatar.com\\\/avatar\\\/59a27199a7c59611639f4688250f25c22dd80de380a1c288192b326a850411a4?s=96&d=mm&r=g\",\"caption\":\"info@forcefemmes.com\"},\"url\":\"https:\\\/\\\/www.forcefemmes.com\\\/?author=1\"}]}<\/script>\n<!-- \/ Yoast SEO Premium plugin. -->","yoast_head_json":{"title":"Le forum des entrepreneuses \u00e0 Bordeaux | Force Femmes","robots":{"index":"index","follow":"follow","max-snippet":"max-snippet:-1","max-image-preview":"max-image-preview:large","max-video-preview":"max-video-preview:-1"},"canonical":"https:\/\/www.forcefemmes.com\/?p=21989","og_locale":"fr_FR","og_type":"article","og_title":"Le forum des entrepreneuses \u00e0 Bordeaux","og_description":"\ud83c\udfac [R\u00e9trospective] Retour sur la premi\u00e8re \u00e9dition Forum des entrepreneuses by\u00a0Force Femmes, une journ\u00e9e d\u00e9di\u00e9e \u00e0 l\u2019entrepreneuriat des femmes. \ud83c\udf99\ufe0fDeux conf\u00e9rences \u00ab\u00a0OSEZ parler d\u2019argent\u00a0\u00bb et \u00ab\u00a0OSEZ s\u2019entourer, la force du collectif\u00a0\u00bb pour s\u2019informer, s\u2019inspirer et \u00e9changer. \ud83d\udcab Des temps en individuel pour tester son pitch...","og_url":"https:\/\/www.forcefemmes.com\/?p=21989","og_site_name":"Force Femmes","article_published_time":"2023-02-24T14:14:36+00:00","article_modified_time":"2024-03-25T14:42:31+00:00","og_image":[{"width":2048,"height":1153,"url":"https:\/\/www.forcefemmes.com\/wp-content\/uploads\/2024\/01\/1678192132364.jpeg","type":"image\/jpeg"}],"author":"info@forcefemmes.com","twitter_card":"summary_large_image","twitter_misc":{"\u00c9crit par":"info@forcefemmes.com","Dur\u00e9e de lecture estim\u00e9e":"2 minutes"},"schema":{"@context":"https:\/\/schema.org","@graph":[{"@type":"Article","@id":"https:\/\/www.forcefemmes.com\/?p=21989#article","isPartOf":{"@id":"https:\/\/www.forcefemmes.com\/?p=21989"},"author":{"name":"info@forcefemmes.com","@id":"https:\/\/www.forcefemmes.com\/#\/schema\/person\/5bbda8a197fcdd46d3de8a8adc540d4f"},"headline":"Le forum des entrepreneuses \u00e0 Bordeaux","datePublished":"2023-02-24T14:14:36+00:00","dateModified":"2024-03-25T14:42:31+00:00","mainEntityOfPage":{"@id":"https:\/\/www.forcefemmes.com\/?p=21989"},"wordCount":409,"image":{"@id":"https:\/\/www.forcefemmes.com\/?p=21989#primaryimage"},"thumbnailUrl":"https:\/\/www.forcefemmes.com\/wp-content\/uploads\/2024\/01\/1678192132364.jpeg","articleSection":["Antennes","Bordeaux","Cr\u00e9ation d'entreprise","Ev\u00e8nements"],"inLanguage":"fr-FR"},{"@type":"WebPage","@id":"https:\/\/www.forcefemmes.com\/?p=21989","url":"https:\/\/www.forcefemmes.com\/?p=21989","name":"Le forum des entrepreneuses \u00e0 Bordeaux | Force Femmes","isPartOf":{"@id":"https:\/\/www.forcefemmes.com\/#website"},"primaryImageOfPage":{"@id":"https:\/\/www.forcefemmes.com\/?p=21989#primaryimage"},"image":{"@id":"https:\/\/www.forcefemmes.com\/?p=21989#primaryimage"},"thumbnailUrl":"https:\/\/www.forcefemmes.com\/wp-content\/uploads\/2024\/01\/1678192132364.jpeg","datePublished":"2023-02-24T14:14:36+00:00","dateModified":"2024-03-25T14:42:31+00:00","author":{"@id":"https:\/\/www.forcefemmes.com\/#\/schema\/person\/5bbda8a197fcdd46d3de8a8adc540d4f"},"breadcrumb":{"@id":"https:\/\/www.forcefemmes.com\/?p=21989#breadcrumb"},"inLanguage":"fr-FR","potentialAction":[{"@type":"ReadAction","target":["https:\/\/www.forcefemmes.com\/?p=21989"]}]},{"@type":"ImageObject","inLanguage":"fr-FR","@id":"https:\/\/www.forcefemmes.com\/?p=21989#primaryimage","url":"https:\/\/www.forcefemmes.com\/wp-content\/uploads\/2024\/01\/1678192132364.jpeg","contentUrl":"https:\/\/www.forcefemmes.com\/wp-content\/uploads\/2024\/01\/1678192132364.jpeg","width":2048,"height":1153},{"@type":"BreadcrumbList","@id":"https:\/\/www.forcefemmes.com\/?p=21989#breadcrumb","itemListElement":[{"@type":"ListItem","position":1,"name":"Accueil","item":"https:\/\/www.forcefemmes.com\/"},{"@type":"ListItem","position":2,"name":"Le forum des entrepreneuses \u00e0 Bordeaux"}]},{"@type":"WebSite","@id":"https:\/\/www.forcefemmes.com\/#website","url":"https:\/\/www.forcefemmes.com\/","name":"Force Femmes","description":"Agit pour l&#039;emploi des femmes de plus de 45 ans","potentialAction":[{"@type":"SearchAction","target":{"@type":"EntryPoint","urlTemplate":"https:\/\/www.forcefemmes.com\/?s={search_term_string}"},"query-input":{"@type":"PropertyValueSpecification","valueRequired":true,"valueName":"search_term_string"}}],"inLanguage":"fr-FR"},{"@type":"Person","@id":"https:\/\/www.forcefemmes.com\/#\/schema\/person\/5bbda8a197fcdd46d3de8a8adc540d4f","name":"info@forcefemmes.com","image":{"@type":"ImageObject","inLanguage":"fr-FR","@id":"https:\/\/secure.gravatar.com\/avatar\/59a27199a7c59611639f4688250f25c22dd80de380a1c288192b326a850411a4?s=96&d=mm&r=g","url":"https:\/\/secure.gravatar.com\/avatar\/59a27199a7c59611639f4688250f25c22dd80de380a1c288192b326a850411a4?s=96&d=mm&r=g","contentUrl":"https:\/\/secure.gravatar.com\/avatar\/59a27199a7c59611639f4688250f25c22dd80de380a1c288192b326a850411a4?s=96&d=mm&r=g","caption":"info@forcefemmes.com"},"url":"https:\/\/www.forcefemmes.com\/?author=1"}]}},"_links":{"self":[{"href":"https:\/\/www.forcefemmes.com\/index.php?rest_route=\/wp\/v2\/posts\/21989","targetHints":{"allow":["GET"]}}],"collection":[{"href":"https:\/\/www.forcefemmes.com\/index.php?rest_route=\/wp\/v2\/posts"}],"about":[{"href":"https:\/\/www.forcefemmes.com\/index.php?rest_route=\/wp\/v2\/types\/post"}],"author":[{"embeddable":true,"href":"https:\/\/www.forcefemmes.com\/index.php?rest_route=\/wp\/v2\/users\/1"}],"replies":[{"embeddable":true,"href":"https:\/\/www.forcefemmes.com\/index.php?rest_route=%2Fwp%2Fv2%2Fcomments&post=21989"}],"version-history":[{"count":2,"href":"https:\/\/www.forcefemmes.com\/index.php?rest_route=\/wp\/v2\/posts\/21989\/revisions"}],"predecessor-version":[{"id":21993,"href":"https:\/\/www.forcefemmes.com\/index.php?rest_route=\/wp\/v2\/posts\/21989\/revisions\/21993"}],"wp:featuredmedia":[{"embeddable":true,"href":"https:\/\/www.forcefemmes.com\/index.php?rest_route=\/wp\/v2\/media\/21991"}],"wp:attachment":[{"href":"https:\/\/www.forcefemmes.com\/index.php?rest_route=%2Fwp%2Fv2%2Fmedia&parent=21989"}],"wp:term":[{"taxonomy":"category","embeddable":true,"href":"https:\/\/www.forcefemmes.com\/index.php?rest_route=%2Fwp%2Fv2%2Fcategories&post=21989"},{"taxonomy":"post_tag","embeddable":true,"href":"https:\/\/www.forcefemmes.com\/index.php?rest_route=%2Fwp%2Fv2%2Ftags&post=21989"}],"curies":[{"name":"wp","href":"https:\/\/api.w.org\/{rel}","templated":true}]}}