{"id":21994,"date":"2023-11-24T15:21:04","date_gmt":"2023-11-24T14:21:04","guid":{"rendered":"https:\/\/www.forcefemmes.com\/?p=21994"},"modified":"2024-03-25T15:39:53","modified_gmt":"2024-03-25T14:39:53","slug":"cafe-reseaux-3-a-bordeaux","status":"publish","type":"post","link":"https:\/\/www.forcefemmes.com\/?p=21994","title":{"rendered":"Caf\u00e9 r\u00e9seaux #3 \u00e0 Bordeaux"},"content":{"rendered":"<p>\ud83c\udfac [R\u00e9trospective] Retour sur le caf\u00e9 r\u00e9seau#3 co-organis\u00e9 par\u00a0<a href=\"https:\/\/www.linkedin.com\/company\/citescoop\/\" data-attribute-index=\"0\" data-entity-type=\"MINI_COMPANY\">Cit\u00e9s Coop<\/a>,\u00a0<a href=\"https:\/\/www.linkedin.com\/company\/60-000-rebonds\/\" data-attribute-index=\"2\" data-entity-type=\"MINI_COMPANY\">60 000 rebonds<\/a>,\u00a0<a href=\"https:\/\/www.linkedin.com\/company\/caisse-sociale-de-developpement-local\/\" data-attribute-index=\"4\" data-entity-type=\"MINI_COMPANY\">Caisse Sociale de D\u00e9veloppement Local<\/a>\u00a0et\u00a0<a href=\"https:\/\/www.linkedin.com\/company\/force-femmes-nouvelle-aquitaine\/\" data-attribute-index=\"6\" data-entity-type=\"MINI_COMPANY\">Force Femmes Nouvelle-Aquitaine<\/a>\u00a0dans le cadre du mois de l&rsquo;<a href=\"https:\/\/www.linkedin.com\/feed\/hashtag\/?keywords=ess&amp;highlightedUpdateUrns=urn%3Ali%3Aactivity%3A7133771283997040641\" data-attribute-index=\"8\">#ESS<\/a><\/p>\n<p>\ud83c\udf33 Th\u00e9matique\u00a0: se faire connaitre pour d\u00e9velopper son activit\u00e9<\/p>\n<p>\u2728 Intervention d&rsquo;une experte de la th\u00e9matique\u00a0<a href=\"https:\/\/www.linkedin.com\/in\/ACoAAAY1JAkBzvDaNDZLu4Xzh0EsTgXKLbXeges\" data-attribute-index=\"9\" data-entity-type=\"MINI_PROFILE\">Alice Travers<\/a>\u00a0et t\u00e9moignages inspirants d&rsquo;\u00a0<a href=\"https:\/\/www.linkedin.com\/in\/ACoAABEHswIBb18_X6LxG1_mwppB-P2P7AcRJF4\" data-attribute-index=\"11\" data-entity-type=\"MINI_PROFILE\">Angelique Rousselot-Doisy<\/a>\u00a0&#8211;\u00a0<a href=\"https:\/\/www.linkedin.com\/company\/madame-angele-concept-store\/\" data-attribute-index=\"13\" data-entity-type=\"MINI_COMPANY\">MADAME ANGELE Concept Store<\/a>\u00a0et\u00a0<a href=\"https:\/\/www.linkedin.com\/in\/ACoAADuuBaIBtmZePVADCmWeD7cCcvzMDu8hhm0\" data-attribute-index=\"15\" data-entity-type=\"MINI_PROFILE\">Micka\u00ebl Kuhn<\/a>\u00a0&#8211;\u00a0<a href=\"https:\/\/www.linkedin.com\/company\/the-bottler\/\" data-attribute-index=\"17\" data-entity-type=\"MINI_COMPANY\">The Bottler<\/a><\/p>\n<p>\ud83d\udcab Merci \u00e0 tous les intervenants et \u00e0 l&rsquo;ensemble des participants pour ce beau moment de partage<\/p>\n<p>\ud83d\ude4f Et merci a\u00a0<a href=\"https:\/\/www.linkedin.com\/in\/ACoAAB_l3N0BGIb8U41XGJWIfuieOdFMfH8OdWw\" data-attribute-index=\"19\" data-entity-type=\"MINI_PROFILE\">M\u00e9lanie Bottier<\/a>\u00a0&#8211;\u00a0<a href=\"https:\/\/www.linkedin.com\/company\/le-rocher-de-palmer\/\" data-attribute-index=\"21\" data-entity-type=\"MINI_COMPANY\">Le Rocher de Palmer<\/a>pour l\u2019accueil\u00a0!<\/p>\n<p>Avec\u00a0<a href=\"https:\/\/www.linkedin.com\/in\/ACoAABkT3lYBGk4LiLfRBoi7T8zucfw6DrH5myA\" data-attribute-index=\"23\" data-entity-type=\"MINI_PROFILE\">CECILE LEMIRE MBAYE<\/a>\u00a0I\u00a0<a href=\"https:\/\/www.linkedin.com\/in\/ACoAAAiW1Z0BfIxASf2TTiS7MRntDfahN4wSeVc\" data-attribute-index=\"25\" data-entity-type=\"MINI_PROFILE\">Val\u00e9rie Gagni\u00e9 Sibileau<\/a>\u00a0I\u00a0<a href=\"https:\/\/www.linkedin.com\/in\/ACoAAATMnEABbLcmaGaCz6yDtZ1GrjMUJvS-nng\" data-attribute-index=\"27\" data-entity-type=\"MINI_PROFILE\">Patrice GOT<\/a>\u00a0I\u00a0<a href=\"https:\/\/www.linkedin.com\/in\/ACoAABiYCW8Bpm0T3icTIzHgN87aIKt1QdTVRXM\" data-attribute-index=\"29\" data-entity-type=\"MINI_PROFILE\">Nicole VISENTIN<\/a>\u00a0I\u00a0<a href=\"https:\/\/www.linkedin.com\/in\/ACoAADRlXkEBFAFJ4gxr3s0yTfpfQC9_6IURBqM\" data-attribute-index=\"31\" data-entity-type=\"MINI_PROFILE\">Luna Fouet<\/a>\u00a0I\u00a0<a href=\"https:\/\/www.linkedin.com\/in\/ACoAABLSH30BPBlmfK5lIWyeiVoPO56mvS4lEHM\" data-attribute-index=\"33\" data-entity-type=\"MINI_PROFILE\">Alexia Bento<\/a>\u00a0I\u00a0<a href=\"https:\/\/www.linkedin.com\/company\/force-femmes\/\" data-attribute-index=\"35\" data-entity-type=\"MINI_COMPANY\">Force Femmes<\/a><\/p>\n","protected":false},"excerpt":{"rendered":"<p>\ud83c\udfac [R\u00e9trospective] Retour sur le caf\u00e9 r\u00e9seau#3 co-organis\u00e9 par\u00a0Cit\u00e9s Coop,\u00a060 000 rebonds,\u00a0Caisse Sociale de D\u00e9veloppement Local\u00a0et\u00a0Force Femmes Nouvelle-Aquitaine\u00a0dans le cadre du mois de l&rsquo;#ESS \ud83c\udf33 Th\u00e9matique\u00a0: se faire connaitre pour d\u00e9velopper son activit\u00e9 \u2728 Intervention d&rsquo;une experte de la th\u00e9matique\u00a0Alice Travers\u00a0et t\u00e9moignages inspirants d&rsquo;\u00a0Angelique Rousselot-Doisy\u00a0&#8211;\u00a0MADAME&#8230;<\/p>\n","protected":false},"author":1,"featured_media":21995,"comment_status":"closed","ping_status":"closed","sticky":false,"template":"","format":"standard","meta":{"footnotes":""},"categories":[143,133,138],"tags":[],"class_list":["post-21994","post","type-post","status-publish","format-standard","has-post-thumbnail","hentry","category-antennes","category-bordeaux","category-partenaires"],"yoast_head":"<!-- This site is optimized with the Yoast SEO Premium plugin v27.0 (Yoast SEO v27.9) - https:\/\/yoast.com\/product\/yoast-seo-premium-wordpress\/ -->\n<title>Caf\u00e9 r\u00e9seaux #3 \u00e0 Bordeaux | Force Femmes<\/title>\n<meta name=\"robots\" content=\"index, follow, max-snippet:-1, max-image-preview:large, max-video-preview:-1\" \/>\n<link rel=\"canonical\" href=\"https:\/\/www.forcefemmes.com\/?p=21994\" \/>\n<meta property=\"og:locale\" content=\"fr_FR\" \/>\n<meta property=\"og:type\" content=\"article\" \/>\n<meta property=\"og:title\" content=\"Caf\u00e9 r\u00e9seaux #3 \u00e0 Bordeaux\" \/>\n<meta property=\"og:description\" content=\"\ud83c\udfac [R\u00e9trospective] Retour sur le caf\u00e9 r\u00e9seau#3 co-organis\u00e9 par\u00a0Cit\u00e9s Coop,\u00a060 000 rebonds,\u00a0Caisse Sociale de D\u00e9veloppement Local\u00a0et\u00a0Force Femmes Nouvelle-Aquitaine\u00a0dans le cadre du mois de l&rsquo;#ESS \ud83c\udf33 Th\u00e9matique\u00a0: se faire connaitre pour d\u00e9velopper son activit\u00e9 \u2728 Intervention d&rsquo;une experte de la th\u00e9matique\u00a0Alice Travers\u00a0et t\u00e9moignages inspirants d&rsquo;\u00a0Angelique Rousselot-Doisy\u00a0&#8211;\u00a0MADAME...\" \/>\n<meta property=\"og:url\" content=\"https:\/\/www.forcefemmes.com\/?p=21994\" \/>\n<meta property=\"og:site_name\" content=\"Force Femmes\" \/>\n<meta property=\"article:published_time\" content=\"2023-11-24T14:21:04+00:00\" \/>\n<meta property=\"article:modified_time\" content=\"2024-03-25T14:39:53+00:00\" \/>\n<meta property=\"og:image\" content=\"https:\/\/www.forcefemmes.com\/wp-content\/uploads\/2024\/01\/1700761880185.jpeg\" \/>\n\t<meta property=\"og:image:width\" content=\"800\" \/>\n\t<meta property=\"og:image:height\" content=\"800\" \/>\n\t<meta property=\"og:image:type\" content=\"image\/jpeg\" \/>\n<meta name=\"author\" content=\"info@forcefemmes.com\" \/>\n<meta name=\"twitter:card\" content=\"summary_large_image\" \/>\n<meta name=\"twitter:label1\" content=\"\u00c9crit par\" \/>\n\t<meta name=\"twitter:data1\" content=\"info@forcefemmes.com\" \/>\n\t<meta name=\"twitter:label2\" content=\"Dur\u00e9e de lecture estim\u00e9e\" \/>\n\t<meta name=\"twitter:data2\" content=\"1 minute\" \/>\n<script type=\"application\/ld+json\" class=\"yoast-schema-graph\">{\"@context\":\"https:\\\/\\\/schema.org\",\"@graph\":[{\"@type\":\"Article\",\"@id\":\"https:\\\/\\\/www.forcefemmes.com\\\/?p=21994#article\",\"isPartOf\":{\"@id\":\"https:\\\/\\\/www.forcefemmes.com\\\/?p=21994\"},\"author\":{\"name\":\"info@forcefemmes.com\",\"@id\":\"https:\\\/\\\/www.forcefemmes.com\\\/#\\\/schema\\\/person\\\/5bbda8a197fcdd46d3de8a8adc540d4f\"},\"headline\":\"Caf\u00e9 r\u00e9seaux #3 \u00e0 Bordeaux\",\"datePublished\":\"2023-11-24T14:21:04+00:00\",\"dateModified\":\"2024-03-25T14:39:53+00:00\",\"mainEntityOfPage\":{\"@id\":\"https:\\\/\\\/www.forcefemmes.com\\\/?p=21994\"},\"wordCount\":127,\"image\":{\"@id\":\"https:\\\/\\\/www.forcefemmes.com\\\/?p=21994#primaryimage\"},\"thumbnailUrl\":\"https:\\\/\\\/www.forcefemmes.com\\\/wp-content\\\/uploads\\\/2024\\\/01\\\/1700761880185.jpeg\",\"articleSection\":[\"Antennes\",\"Bordeaux\",\"Partenaires\"],\"inLanguage\":\"fr-FR\"},{\"@type\":\"WebPage\",\"@id\":\"https:\\\/\\\/www.forcefemmes.com\\\/?p=21994\",\"url\":\"https:\\\/\\\/www.forcefemmes.com\\\/?p=21994\",\"name\":\"Caf\u00e9 r\u00e9seaux #3 \u00e0 Bordeaux | Force Femmes\",\"isPartOf\":{\"@id\":\"https:\\\/\\\/www.forcefemmes.com\\\/#website\"},\"primaryImageOfPage\":{\"@id\":\"https:\\\/\\\/www.forcefemmes.com\\\/?p=21994#primaryimage\"},\"image\":{\"@id\":\"https:\\\/\\\/www.forcefemmes.com\\\/?p=21994#primaryimage\"},\"thumbnailUrl\":\"https:\\\/\\\/www.forcefemmes.com\\\/wp-content\\\/uploads\\\/2024\\\/01\\\/1700761880185.jpeg\",\"datePublished\":\"2023-11-24T14:21:04+00:00\",\"dateModified\":\"2024-03-25T14:39:53+00:00\",\"author\":{\"@id\":\"https:\\\/\\\/www.forcefemmes.com\\\/#\\\/schema\\\/person\\\/5bbda8a197fcdd46d3de8a8adc540d4f\"},\"breadcrumb\":{\"@id\":\"https:\\\/\\\/www.forcefemmes.com\\\/?p=21994#breadcrumb\"},\"inLanguage\":\"fr-FR\",\"potentialAction\":[{\"@type\":\"ReadAction\",\"target\":[\"https:\\\/\\\/www.forcefemmes.com\\\/?p=21994\"]}]},{\"@type\":\"ImageObject\",\"inLanguage\":\"fr-FR\",\"@id\":\"https:\\\/\\\/www.forcefemmes.com\\\/?p=21994#primaryimage\",\"url\":\"https:\\\/\\\/www.forcefemmes.com\\\/wp-content\\\/uploads\\\/2024\\\/01\\\/1700761880185.jpeg\",\"contentUrl\":\"https:\\\/\\\/www.forcefemmes.com\\\/wp-content\\\/uploads\\\/2024\\\/01\\\/1700761880185.jpeg\",\"width\":800,\"height\":800},{\"@type\":\"BreadcrumbList\",\"@id\":\"https:\\\/\\\/www.forcefemmes.com\\\/?p=21994#breadcrumb\",\"itemListElement\":[{\"@type\":\"ListItem\",\"position\":1,\"name\":\"Accueil\",\"item\":\"https:\\\/\\\/www.forcefemmes.com\\\/\"},{\"@type\":\"ListItem\",\"position\":2,\"name\":\"Caf\u00e9 r\u00e9seaux #3 \u00e0 Bordeaux\"}]},{\"@type\":\"WebSite\",\"@id\":\"https:\\\/\\\/www.forcefemmes.com\\\/#website\",\"url\":\"https:\\\/\\\/www.forcefemmes.com\\\/\",\"name\":\"Force Femmes\",\"description\":\"Agit pour l&#039;emploi des femmes de plus de 45 ans\",\"potentialAction\":[{\"@type\":\"SearchAction\",\"target\":{\"@type\":\"EntryPoint\",\"urlTemplate\":\"https:\\\/\\\/www.forcefemmes.com\\\/?s={search_term_string}\"},\"query-input\":{\"@type\":\"PropertyValueSpecification\",\"valueRequired\":true,\"valueName\":\"search_term_string\"}}],\"inLanguage\":\"fr-FR\"},{\"@type\":\"Person\",\"@id\":\"https:\\\/\\\/www.forcefemmes.com\\\/#\\\/schema\\\/person\\\/5bbda8a197fcdd46d3de8a8adc540d4f\",\"name\":\"info@forcefemmes.com\",\"image\":{\"@type\":\"ImageObject\",\"inLanguage\":\"fr-FR\",\"@id\":\"https:\\\/\\\/secure.gravatar.com\\\/avatar\\\/59a27199a7c59611639f4688250f25c22dd80de380a1c288192b326a850411a4?s=96&d=mm&r=g\",\"url\":\"https:\\\/\\\/secure.gravatar.com\\\/avatar\\\/59a27199a7c59611639f4688250f25c22dd80de380a1c288192b326a850411a4?s=96&d=mm&r=g\",\"contentUrl\":\"https:\\\/\\\/secure.gravatar.com\\\/avatar\\\/59a27199a7c59611639f4688250f25c22dd80de380a1c288192b326a850411a4?s=96&d=mm&r=g\",\"caption\":\"info@forcefemmes.com\"},\"url\":\"https:\\\/\\\/www.forcefemmes.com\\\/?author=1\"}]}<\/script>\n<!-- \/ Yoast SEO Premium plugin. -->","yoast_head_json":{"title":"Caf\u00e9 r\u00e9seaux #3 \u00e0 Bordeaux | Force Femmes","robots":{"index":"index","follow":"follow","max-snippet":"max-snippet:-1","max-image-preview":"max-image-preview:large","max-video-preview":"max-video-preview:-1"},"canonical":"https:\/\/www.forcefemmes.com\/?p=21994","og_locale":"fr_FR","og_type":"article","og_title":"Caf\u00e9 r\u00e9seaux #3 \u00e0 Bordeaux","og_description":"\ud83c\udfac [R\u00e9trospective] Retour sur le caf\u00e9 r\u00e9seau#3 co-organis\u00e9 par\u00a0Cit\u00e9s Coop,\u00a060 000 rebonds,\u00a0Caisse Sociale de D\u00e9veloppement Local\u00a0et\u00a0Force Femmes Nouvelle-Aquitaine\u00a0dans le cadre du mois de l&rsquo;#ESS \ud83c\udf33 Th\u00e9matique\u00a0: se faire connaitre pour d\u00e9velopper son activit\u00e9 \u2728 Intervention d&rsquo;une experte de la th\u00e9matique\u00a0Alice Travers\u00a0et t\u00e9moignages inspirants d&rsquo;\u00a0Angelique Rousselot-Doisy\u00a0&#8211;\u00a0MADAME...","og_url":"https:\/\/www.forcefemmes.com\/?p=21994","og_site_name":"Force Femmes","article_published_time":"2023-11-24T14:21:04+00:00","article_modified_time":"2024-03-25T14:39:53+00:00","og_image":[{"width":800,"height":800,"url":"https:\/\/www.forcefemmes.com\/wp-content\/uploads\/2024\/01\/1700761880185.jpeg","type":"image\/jpeg"}],"author":"info@forcefemmes.com","twitter_card":"summary_large_image","twitter_misc":{"\u00c9crit par":"info@forcefemmes.com","Dur\u00e9e de lecture estim\u00e9e":"1 minute"},"schema":{"@context":"https:\/\/schema.org","@graph":[{"@type":"Article","@id":"https:\/\/www.forcefemmes.com\/?p=21994#article","isPartOf":{"@id":"https:\/\/www.forcefemmes.com\/?p=21994"},"author":{"name":"info@forcefemmes.com","@id":"https:\/\/www.forcefemmes.com\/#\/schema\/person\/5bbda8a197fcdd46d3de8a8adc540d4f"},"headline":"Caf\u00e9 r\u00e9seaux #3 \u00e0 Bordeaux","datePublished":"2023-11-24T14:21:04+00:00","dateModified":"2024-03-25T14:39:53+00:00","mainEntityOfPage":{"@id":"https:\/\/www.forcefemmes.com\/?p=21994"},"wordCount":127,"image":{"@id":"https:\/\/www.forcefemmes.com\/?p=21994#primaryimage"},"thumbnailUrl":"https:\/\/www.forcefemmes.com\/wp-content\/uploads\/2024\/01\/1700761880185.jpeg","articleSection":["Antennes","Bordeaux","Partenaires"],"inLanguage":"fr-FR"},{"@type":"WebPage","@id":"https:\/\/www.forcefemmes.com\/?p=21994","url":"https:\/\/www.forcefemmes.com\/?p=21994","name":"Caf\u00e9 r\u00e9seaux #3 \u00e0 Bordeaux | Force Femmes","isPartOf":{"@id":"https:\/\/www.forcefemmes.com\/#website"},"primaryImageOfPage":{"@id":"https:\/\/www.forcefemmes.com\/?p=21994#primaryimage"},"image":{"@id":"https:\/\/www.forcefemmes.com\/?p=21994#primaryimage"},"thumbnailUrl":"https:\/\/www.forcefemmes.com\/wp-content\/uploads\/2024\/01\/1700761880185.jpeg","datePublished":"2023-11-24T14:21:04+00:00","dateModified":"2024-03-25T14:39:53+00:00","author":{"@id":"https:\/\/www.forcefemmes.com\/#\/schema\/person\/5bbda8a197fcdd46d3de8a8adc540d4f"},"breadcrumb":{"@id":"https:\/\/www.forcefemmes.com\/?p=21994#breadcrumb"},"inLanguage":"fr-FR","potentialAction":[{"@type":"ReadAction","target":["https:\/\/www.forcefemmes.com\/?p=21994"]}]},{"@type":"ImageObject","inLanguage":"fr-FR","@id":"https:\/\/www.forcefemmes.com\/?p=21994#primaryimage","url":"https:\/\/www.forcefemmes.com\/wp-content\/uploads\/2024\/01\/1700761880185.jpeg","contentUrl":"https:\/\/www.forcefemmes.com\/wp-content\/uploads\/2024\/01\/1700761880185.jpeg","width":800,"height":800},{"@type":"BreadcrumbList","@id":"https:\/\/www.forcefemmes.com\/?p=21994#breadcrumb","itemListElement":[{"@type":"ListItem","position":1,"name":"Accueil","item":"https:\/\/www.forcefemmes.com\/"},{"@type":"ListItem","position":2,"name":"Caf\u00e9 r\u00e9seaux #3 \u00e0 Bordeaux"}]},{"@type":"WebSite","@id":"https:\/\/www.forcefemmes.com\/#website","url":"https:\/\/www.forcefemmes.com\/","name":"Force Femmes","description":"Agit pour l&#039;emploi des femmes de plus de 45 ans","potentialAction":[{"@type":"SearchAction","target":{"@type":"EntryPoint","urlTemplate":"https:\/\/www.forcefemmes.com\/?s={search_term_string}"},"query-input":{"@type":"PropertyValueSpecification","valueRequired":true,"valueName":"search_term_string"}}],"inLanguage":"fr-FR"},{"@type":"Person","@id":"https:\/\/www.forcefemmes.com\/#\/schema\/person\/5bbda8a197fcdd46d3de8a8adc540d4f","name":"info@forcefemmes.com","image":{"@type":"ImageObject","inLanguage":"fr-FR","@id":"https:\/\/secure.gravatar.com\/avatar\/59a27199a7c59611639f4688250f25c22dd80de380a1c288192b326a850411a4?s=96&d=mm&r=g","url":"https:\/\/secure.gravatar.com\/avatar\/59a27199a7c59611639f4688250f25c22dd80de380a1c288192b326a850411a4?s=96&d=mm&r=g","contentUrl":"https:\/\/secure.gravatar.com\/avatar\/59a27199a7c59611639f4688250f25c22dd80de380a1c288192b326a850411a4?s=96&d=mm&r=g","caption":"info@forcefemmes.com"},"url":"https:\/\/www.forcefemmes.com\/?author=1"}]}},"_links":{"self":[{"href":"https:\/\/www.forcefemmes.com\/index.php?rest_route=\/wp\/v2\/posts\/21994","targetHints":{"allow":["GET"]}}],"collection":[{"href":"https:\/\/www.forcefemmes.com\/index.php?rest_route=\/wp\/v2\/posts"}],"about":[{"href":"https:\/\/www.forcefemmes.com\/index.php?rest_route=\/wp\/v2\/types\/post"}],"author":[{"embeddable":true,"href":"https:\/\/www.forcefemmes.com\/index.php?rest_route=\/wp\/v2\/users\/1"}],"replies":[{"embeddable":true,"href":"https:\/\/www.forcefemmes.com\/index.php?rest_route=%2Fwp%2Fv2%2Fcomments&post=21994"}],"version-history":[{"count":1,"href":"https:\/\/www.forcefemmes.com\/index.php?rest_route=\/wp\/v2\/posts\/21994\/revisions"}],"predecessor-version":[{"id":21996,"href":"https:\/\/www.forcefemmes.com\/index.php?rest_route=\/wp\/v2\/posts\/21994\/revisions\/21996"}],"wp:featuredmedia":[{"embeddable":true,"href":"https:\/\/www.forcefemmes.com\/index.php?rest_route=\/wp\/v2\/media\/21995"}],"wp:attachment":[{"href":"https:\/\/www.forcefemmes.com\/index.php?rest_route=%2Fwp%2Fv2%2Fmedia&parent=21994"}],"wp:term":[{"taxonomy":"category","embeddable":true,"href":"https:\/\/www.forcefemmes.com\/index.php?rest_route=%2Fwp%2Fv2%2Fcategories&post=21994"},{"taxonomy":"post_tag","embeddable":true,"href":"https:\/\/www.forcefemmes.com\/index.php?rest_route=%2Fwp%2Fv2%2Ftags&post=21994"}],"curies":[{"name":"wp","href":"https:\/\/api.w.org\/{rel}","templated":true}]}}