{"id":22690,"date":"2024-04-11T10:01:29","date_gmt":"2024-04-11T08:01:29","guid":{"rendered":"https:\/\/www.forcefemmes.com\/?p=22690"},"modified":"2024-06-11T10:08:27","modified_gmt":"2024-06-11T08:08:27","slug":"7e-edition-de-ose-le-cercle-business-des-entrepreneures","status":"publish","type":"post","link":"https:\/\/www.forcefemmes.com\/?p=22690","title":{"rendered":"7e \u00e9dition de Ose, le Cercle Business des Entrepreneures"},"content":{"rendered":"<h1>Retour sur la 7\u00e8me \u00e9dition de Ose, le Cercle Business des Entrepreneures qui a r\u00e9uni plus de 450 participantes jeudi 11 Avril \u00e0 Cabri\u00e8s \ud83d\udd25<\/h1>\n<p>&nbsp;<\/p>\n<h5><img fetchpriority=\"high\" decoding=\"async\" class=\"wp-image-22693 alignleft\" src=\"https:\/\/www.forcefemmes.com\/wp-content\/uploads\/2024\/06\/1713282162080-768x1024.jpeg\" alt=\"\" width=\"343\" height=\"457\" srcset=\"https:\/\/www.forcefemmes.com\/wp-content\/uploads\/2024\/06\/1713282162080-768x1024.jpeg 768w, https:\/\/www.forcefemmes.com\/wp-content\/uploads\/2024\/06\/1713282162080-225x300.jpeg 225w, https:\/\/www.forcefemmes.com\/wp-content\/uploads\/2024\/06\/1713282162080-1152x1536.jpeg 1152w, https:\/\/www.forcefemmes.com\/wp-content\/uploads\/2024\/06\/1713282162080-600x800.jpeg 600w, https:\/\/www.forcefemmes.com\/wp-content\/uploads\/2024\/06\/1713282162080-700x934.jpeg 700w, https:\/\/www.forcefemmes.com\/wp-content\/uploads\/2024\/06\/1713282162080.jpeg 1280w\" sizes=\"(max-width: 343px) 100vw, 343px\" \/>\ud83c\udfaf Objectif :\u00a0Aider les femmes \u00e0 booster leur projet professionnel, trouver des financements, renforcer le r\u00e9seau et d\u00e9velopper leur entreprise ! \ud83d\ude80<br \/>\nUne \u00e9dition magique, pleine d&rsquo;id\u00e9es inspirantes, de connexions et de <a class=\"app-aware-link \" href=\"https:\/\/www.linkedin.com\/feed\/hashtag\/?keywords=business&amp;highlightedUpdateUrns=urn%3Ali%3Aactivity%3A7186226887629623296\" data-test-app-aware-link=\"\"><span class=\"visually-hidden\">hashtag<\/span><span aria-hidden=\"true\">#<\/span>business<\/a> \ud83d\ude80<\/h5>\n<h5><a id=\"ember44\" class=\"ember-view\" href=\"https:\/\/www.linkedin.com\/in\/karine-montourcy-28490061\/\">KARINE MONTOURCY<\/a> notre ambassadrice <a class=\"app-aware-link \" href=\"https:\/\/www.linkedin.com\/company\/force-femmes-r%C3%A9gion-sud\/\" target=\"_self\" rel=\"noopener\" data-test-app-aware-link=\"\">Force Femmes R\u00e9gion Sud<\/a> a mobilis\u00e9 plus de 120 femmes en animant un atelier \u00ab\u00a0cultiver la confiance en soi la cl\u00e9 pour entreprendre\u00a0\u00bb\u00a0! Nous \u00e9tions \u00e9galement pr\u00e9sentes sur le stand pour r\u00e9pondre \u00e0 toutes les questions gr\u00e2ce \u00e0 nos b\u00e9n\u00e9voles <a id=\"ember45\" class=\"ember-view\" href=\"https:\/\/www.linkedin.com\/in\/annedominiquechauvin\/\">Anne Dominique Chauvin<\/a> et <a id=\"ember46\" class=\"ember-view\" href=\"https:\/\/www.linkedin.com\/in\/elisavanoli\/\">Elisa Vanoli<\/a> \ud83e\uddcd\u200d\u2640\ufe0f<\/h5>\n<h5>Bravo \u00e0 <a id=\"ember47\" class=\"ember-view\" href=\"https:\/\/www.linkedin.com\/in\/carmen-g-539051303\/\">Carmen Gans\u00ea<\/a> qui a pitch\u00e9 et a remport\u00e9 le 1er prix dans la Cat\u00e9gorie porteuse de projet commerce\/e-commerce pour son projet de cosm\u00e9tiques capillaires \u00e9cologiques, \u00e9thiques et \u00e9co responsables et que nous avons eu le plaisir d\u2019accompagner au sein de <a class=\"app-aware-link \" href=\"https:\/\/www.linkedin.com\/company\/force-femmes-r%C3%A9gion-sud\/\" target=\"_self\" rel=\"noopener\" data-test-app-aware-link=\"\">Force Femmes R\u00e9gion Sud<\/a> \ud83d\ude0a<\/h5>\n<h5>Un grand merci \u00e0 l&rsquo;ensemble de nos partenaires \ud83e\udd1d<br \/>\n<a class=\"app-aware-link \" href=\"https:\/\/www.linkedin.com\/feed\/hashtag\/?keywords=entrepreneuriatauf%C3%A9minin&amp;highlightedUpdateUrns=urn%3Ali%3Aactivity%3A7186226887629623296\" data-test-app-aware-link=\"\"><span class=\"visually-hidden\">hashtag<\/span><span aria-hidden=\"true\">#<\/span>entrepreneuriatauf\u00e9minin<\/a><\/h5>\n","protected":false},"excerpt":{"rendered":"<p>Retour sur la 7\u00e8me \u00e9dition de Ose, le Cercle Business des Entrepreneures qui a r\u00e9uni plus de 450 participantes jeudi 11 Avril \u00e0 Cabri\u00e8s \ud83d\udd25 &nbsp; \ud83c\udfaf Objectif :\u00a0Aider les femmes \u00e0 booster leur projet professionnel, trouver des financements, renforcer le r\u00e9seau et d\u00e9velopper leur&#8230;<\/p>\n","protected":false},"author":1,"featured_media":22692,"comment_status":"closed","ping_status":"closed","sticky":false,"template":"","format":"standard","meta":{"footnotes":""},"categories":[143,126,128,134],"tags":[],"class_list":["post-22690","post","type-post","status-publish","format-standard","has-post-thumbnail","hentry","category-antennes","category-creation-dentreprise","category-evenements","category-marseille"],"yoast_head":"<!-- This site is optimized with the Yoast SEO Premium plugin v27.0 (Yoast SEO v27.9) - https:\/\/yoast.com\/product\/yoast-seo-premium-wordpress\/ -->\n<title>7e \u00e9dition de Ose, le Cercle Business des Entrepreneures | Force Femmes<\/title>\n<meta name=\"robots\" content=\"index, follow, max-snippet:-1, max-image-preview:large, max-video-preview:-1\" \/>\n<link rel=\"canonical\" href=\"https:\/\/www.forcefemmes.com\/?p=22690\" \/>\n<meta property=\"og:locale\" content=\"fr_FR\" \/>\n<meta property=\"og:type\" content=\"article\" \/>\n<meta property=\"og:title\" content=\"7e \u00e9dition de Ose, le Cercle Business des Entrepreneures\" \/>\n<meta property=\"og:description\" content=\"Retour sur la 7\u00e8me \u00e9dition de Ose, le Cercle Business des Entrepreneures qui a r\u00e9uni plus de 450 participantes jeudi 11 Avril \u00e0 Cabri\u00e8s \ud83d\udd25 &nbsp; \ud83c\udfaf Objectif :\u00a0Aider les femmes \u00e0 booster leur projet professionnel, trouver des financements, renforcer le r\u00e9seau et d\u00e9velopper leur...\" \/>\n<meta property=\"og:url\" content=\"https:\/\/www.forcefemmes.com\/?p=22690\" \/>\n<meta property=\"og:site_name\" content=\"Force Femmes\" \/>\n<meta property=\"article:published_time\" content=\"2024-04-11T08:01:29+00:00\" \/>\n<meta property=\"article:modified_time\" content=\"2024-06-11T08:08:27+00:00\" \/>\n<meta property=\"og:image\" content=\"https:\/\/www.forcefemmes.com\/wp-content\/uploads\/2024\/06\/1713282156802.jpeg\" \/>\n\t<meta property=\"og:image:width\" content=\"2016\" \/>\n\t<meta property=\"og:image:height\" content=\"1512\" \/>\n\t<meta property=\"og:image:type\" content=\"image\/jpeg\" \/>\n<meta name=\"author\" content=\"info@forcefemmes.com\" \/>\n<meta name=\"twitter:card\" content=\"summary_large_image\" \/>\n<meta name=\"twitter:label1\" content=\"\u00c9crit par\" \/>\n\t<meta name=\"twitter:data1\" content=\"info@forcefemmes.com\" \/>\n\t<meta name=\"twitter:label2\" content=\"Dur\u00e9e de lecture estim\u00e9e\" \/>\n\t<meta name=\"twitter:data2\" content=\"1 minute\" \/>\n<script type=\"application\/ld+json\" class=\"yoast-schema-graph\">{\"@context\":\"https:\\\/\\\/schema.org\",\"@graph\":[{\"@type\":\"Article\",\"@id\":\"https:\\\/\\\/www.forcefemmes.com\\\/?p=22690#article\",\"isPartOf\":{\"@id\":\"https:\\\/\\\/www.forcefemmes.com\\\/?p=22690\"},\"author\":{\"name\":\"info@forcefemmes.com\",\"@id\":\"https:\\\/\\\/www.forcefemmes.com\\\/#\\\/schema\\\/person\\\/5bbda8a197fcdd46d3de8a8adc540d4f\"},\"headline\":\"7e \u00e9dition de Ose, le Cercle Business des Entrepreneures\",\"datePublished\":\"2024-04-11T08:01:29+00:00\",\"dateModified\":\"2024-06-11T08:08:27+00:00\",\"mainEntityOfPage\":{\"@id\":\"https:\\\/\\\/www.forcefemmes.com\\\/?p=22690\"},\"wordCount\":181,\"image\":{\"@id\":\"https:\\\/\\\/www.forcefemmes.com\\\/?p=22690#primaryimage\"},\"thumbnailUrl\":\"https:\\\/\\\/www.forcefemmes.com\\\/wp-content\\\/uploads\\\/2024\\\/06\\\/1713282156802.jpeg\",\"articleSection\":[\"Antennes\",\"Cr\u00e9ation d'entreprise\",\"Ev\u00e8nements\",\"Marseille\"],\"inLanguage\":\"fr-FR\"},{\"@type\":\"WebPage\",\"@id\":\"https:\\\/\\\/www.forcefemmes.com\\\/?p=22690\",\"url\":\"https:\\\/\\\/www.forcefemmes.com\\\/?p=22690\",\"name\":\"7e \u00e9dition de Ose, le Cercle Business des Entrepreneures | Force Femmes\",\"isPartOf\":{\"@id\":\"https:\\\/\\\/www.forcefemmes.com\\\/#website\"},\"primaryImageOfPage\":{\"@id\":\"https:\\\/\\\/www.forcefemmes.com\\\/?p=22690#primaryimage\"},\"image\":{\"@id\":\"https:\\\/\\\/www.forcefemmes.com\\\/?p=22690#primaryimage\"},\"thumbnailUrl\":\"https:\\\/\\\/www.forcefemmes.com\\\/wp-content\\\/uploads\\\/2024\\\/06\\\/1713282156802.jpeg\",\"datePublished\":\"2024-04-11T08:01:29+00:00\",\"dateModified\":\"2024-06-11T08:08:27+00:00\",\"author\":{\"@id\":\"https:\\\/\\\/www.forcefemmes.com\\\/#\\\/schema\\\/person\\\/5bbda8a197fcdd46d3de8a8adc540d4f\"},\"breadcrumb\":{\"@id\":\"https:\\\/\\\/www.forcefemmes.com\\\/?p=22690#breadcrumb\"},\"inLanguage\":\"fr-FR\",\"potentialAction\":[{\"@type\":\"ReadAction\",\"target\":[\"https:\\\/\\\/www.forcefemmes.com\\\/?p=22690\"]}]},{\"@type\":\"ImageObject\",\"inLanguage\":\"fr-FR\",\"@id\":\"https:\\\/\\\/www.forcefemmes.com\\\/?p=22690#primaryimage\",\"url\":\"https:\\\/\\\/www.forcefemmes.com\\\/wp-content\\\/uploads\\\/2024\\\/06\\\/1713282156802.jpeg\",\"contentUrl\":\"https:\\\/\\\/www.forcefemmes.com\\\/wp-content\\\/uploads\\\/2024\\\/06\\\/1713282156802.jpeg\",\"width\":2016,\"height\":1512},{\"@type\":\"BreadcrumbList\",\"@id\":\"https:\\\/\\\/www.forcefemmes.com\\\/?p=22690#breadcrumb\",\"itemListElement\":[{\"@type\":\"ListItem\",\"position\":1,\"name\":\"Accueil\",\"item\":\"https:\\\/\\\/www.forcefemmes.com\\\/\"},{\"@type\":\"ListItem\",\"position\":2,\"name\":\"7e \u00e9dition de Ose, le Cercle Business des Entrepreneures\"}]},{\"@type\":\"WebSite\",\"@id\":\"https:\\\/\\\/www.forcefemmes.com\\\/#website\",\"url\":\"https:\\\/\\\/www.forcefemmes.com\\\/\",\"name\":\"Force Femmes\",\"description\":\"Agit pour l&#039;emploi des femmes de plus de 45 ans\",\"potentialAction\":[{\"@type\":\"SearchAction\",\"target\":{\"@type\":\"EntryPoint\",\"urlTemplate\":\"https:\\\/\\\/www.forcefemmes.com\\\/?s={search_term_string}\"},\"query-input\":{\"@type\":\"PropertyValueSpecification\",\"valueRequired\":true,\"valueName\":\"search_term_string\"}}],\"inLanguage\":\"fr-FR\"},{\"@type\":\"Person\",\"@id\":\"https:\\\/\\\/www.forcefemmes.com\\\/#\\\/schema\\\/person\\\/5bbda8a197fcdd46d3de8a8adc540d4f\",\"name\":\"info@forcefemmes.com\",\"image\":{\"@type\":\"ImageObject\",\"inLanguage\":\"fr-FR\",\"@id\":\"https:\\\/\\\/secure.gravatar.com\\\/avatar\\\/59a27199a7c59611639f4688250f25c22dd80de380a1c288192b326a850411a4?s=96&d=mm&r=g\",\"url\":\"https:\\\/\\\/secure.gravatar.com\\\/avatar\\\/59a27199a7c59611639f4688250f25c22dd80de380a1c288192b326a850411a4?s=96&d=mm&r=g\",\"contentUrl\":\"https:\\\/\\\/secure.gravatar.com\\\/avatar\\\/59a27199a7c59611639f4688250f25c22dd80de380a1c288192b326a850411a4?s=96&d=mm&r=g\",\"caption\":\"info@forcefemmes.com\"},\"url\":\"https:\\\/\\\/www.forcefemmes.com\\\/?author=1\"}]}<\/script>\n<!-- \/ Yoast SEO Premium plugin. -->","yoast_head_json":{"title":"7e \u00e9dition de Ose, le Cercle Business des Entrepreneures | Force Femmes","robots":{"index":"index","follow":"follow","max-snippet":"max-snippet:-1","max-image-preview":"max-image-preview:large","max-video-preview":"max-video-preview:-1"},"canonical":"https:\/\/www.forcefemmes.com\/?p=22690","og_locale":"fr_FR","og_type":"article","og_title":"7e \u00e9dition de Ose, le Cercle Business des Entrepreneures","og_description":"Retour sur la 7\u00e8me \u00e9dition de Ose, le Cercle Business des Entrepreneures qui a r\u00e9uni plus de 450 participantes jeudi 11 Avril \u00e0 Cabri\u00e8s \ud83d\udd25 &nbsp; \ud83c\udfaf Objectif :\u00a0Aider les femmes \u00e0 booster leur projet professionnel, trouver des financements, renforcer le r\u00e9seau et d\u00e9velopper leur...","og_url":"https:\/\/www.forcefemmes.com\/?p=22690","og_site_name":"Force Femmes","article_published_time":"2024-04-11T08:01:29+00:00","article_modified_time":"2024-06-11T08:08:27+00:00","og_image":[{"width":2016,"height":1512,"url":"https:\/\/www.forcefemmes.com\/wp-content\/uploads\/2024\/06\/1713282156802.jpeg","type":"image\/jpeg"}],"author":"info@forcefemmes.com","twitter_card":"summary_large_image","twitter_misc":{"\u00c9crit par":"info@forcefemmes.com","Dur\u00e9e de lecture estim\u00e9e":"1 minute"},"schema":{"@context":"https:\/\/schema.org","@graph":[{"@type":"Article","@id":"https:\/\/www.forcefemmes.com\/?p=22690#article","isPartOf":{"@id":"https:\/\/www.forcefemmes.com\/?p=22690"},"author":{"name":"info@forcefemmes.com","@id":"https:\/\/www.forcefemmes.com\/#\/schema\/person\/5bbda8a197fcdd46d3de8a8adc540d4f"},"headline":"7e \u00e9dition de Ose, le Cercle Business des Entrepreneures","datePublished":"2024-04-11T08:01:29+00:00","dateModified":"2024-06-11T08:08:27+00:00","mainEntityOfPage":{"@id":"https:\/\/www.forcefemmes.com\/?p=22690"},"wordCount":181,"image":{"@id":"https:\/\/www.forcefemmes.com\/?p=22690#primaryimage"},"thumbnailUrl":"https:\/\/www.forcefemmes.com\/wp-content\/uploads\/2024\/06\/1713282156802.jpeg","articleSection":["Antennes","Cr\u00e9ation d'entreprise","Ev\u00e8nements","Marseille"],"inLanguage":"fr-FR"},{"@type":"WebPage","@id":"https:\/\/www.forcefemmes.com\/?p=22690","url":"https:\/\/www.forcefemmes.com\/?p=22690","name":"7e \u00e9dition de Ose, le Cercle Business des Entrepreneures | Force Femmes","isPartOf":{"@id":"https:\/\/www.forcefemmes.com\/#website"},"primaryImageOfPage":{"@id":"https:\/\/www.forcefemmes.com\/?p=22690#primaryimage"},"image":{"@id":"https:\/\/www.forcefemmes.com\/?p=22690#primaryimage"},"thumbnailUrl":"https:\/\/www.forcefemmes.com\/wp-content\/uploads\/2024\/06\/1713282156802.jpeg","datePublished":"2024-04-11T08:01:29+00:00","dateModified":"2024-06-11T08:08:27+00:00","author":{"@id":"https:\/\/www.forcefemmes.com\/#\/schema\/person\/5bbda8a197fcdd46d3de8a8adc540d4f"},"breadcrumb":{"@id":"https:\/\/www.forcefemmes.com\/?p=22690#breadcrumb"},"inLanguage":"fr-FR","potentialAction":[{"@type":"ReadAction","target":["https:\/\/www.forcefemmes.com\/?p=22690"]}]},{"@type":"ImageObject","inLanguage":"fr-FR","@id":"https:\/\/www.forcefemmes.com\/?p=22690#primaryimage","url":"https:\/\/www.forcefemmes.com\/wp-content\/uploads\/2024\/06\/1713282156802.jpeg","contentUrl":"https:\/\/www.forcefemmes.com\/wp-content\/uploads\/2024\/06\/1713282156802.jpeg","width":2016,"height":1512},{"@type":"BreadcrumbList","@id":"https:\/\/www.forcefemmes.com\/?p=22690#breadcrumb","itemListElement":[{"@type":"ListItem","position":1,"name":"Accueil","item":"https:\/\/www.forcefemmes.com\/"},{"@type":"ListItem","position":2,"name":"7e \u00e9dition de Ose, le Cercle Business des Entrepreneures"}]},{"@type":"WebSite","@id":"https:\/\/www.forcefemmes.com\/#website","url":"https:\/\/www.forcefemmes.com\/","name":"Force Femmes","description":"Agit pour l&#039;emploi des femmes de plus de 45 ans","potentialAction":[{"@type":"SearchAction","target":{"@type":"EntryPoint","urlTemplate":"https:\/\/www.forcefemmes.com\/?s={search_term_string}"},"query-input":{"@type":"PropertyValueSpecification","valueRequired":true,"valueName":"search_term_string"}}],"inLanguage":"fr-FR"},{"@type":"Person","@id":"https:\/\/www.forcefemmes.com\/#\/schema\/person\/5bbda8a197fcdd46d3de8a8adc540d4f","name":"info@forcefemmes.com","image":{"@type":"ImageObject","inLanguage":"fr-FR","@id":"https:\/\/secure.gravatar.com\/avatar\/59a27199a7c59611639f4688250f25c22dd80de380a1c288192b326a850411a4?s=96&d=mm&r=g","url":"https:\/\/secure.gravatar.com\/avatar\/59a27199a7c59611639f4688250f25c22dd80de380a1c288192b326a850411a4?s=96&d=mm&r=g","contentUrl":"https:\/\/secure.gravatar.com\/avatar\/59a27199a7c59611639f4688250f25c22dd80de380a1c288192b326a850411a4?s=96&d=mm&r=g","caption":"info@forcefemmes.com"},"url":"https:\/\/www.forcefemmes.com\/?author=1"}]}},"_links":{"self":[{"href":"https:\/\/www.forcefemmes.com\/index.php?rest_route=\/wp\/v2\/posts\/22690","targetHints":{"allow":["GET"]}}],"collection":[{"href":"https:\/\/www.forcefemmes.com\/index.php?rest_route=\/wp\/v2\/posts"}],"about":[{"href":"https:\/\/www.forcefemmes.com\/index.php?rest_route=\/wp\/v2\/types\/post"}],"author":[{"embeddable":true,"href":"https:\/\/www.forcefemmes.com\/index.php?rest_route=\/wp\/v2\/users\/1"}],"replies":[{"embeddable":true,"href":"https:\/\/www.forcefemmes.com\/index.php?rest_route=%2Fwp%2Fv2%2Fcomments&post=22690"}],"version-history":[{"count":2,"href":"https:\/\/www.forcefemmes.com\/index.php?rest_route=\/wp\/v2\/posts\/22690\/revisions"}],"predecessor-version":[{"id":22695,"href":"https:\/\/www.forcefemmes.com\/index.php?rest_route=\/wp\/v2\/posts\/22690\/revisions\/22695"}],"wp:featuredmedia":[{"embeddable":true,"href":"https:\/\/www.forcefemmes.com\/index.php?rest_route=\/wp\/v2\/media\/22692"}],"wp:attachment":[{"href":"https:\/\/www.forcefemmes.com\/index.php?rest_route=%2Fwp%2Fv2%2Fmedia&parent=22690"}],"wp:term":[{"taxonomy":"category","embeddable":true,"href":"https:\/\/www.forcefemmes.com\/index.php?rest_route=%2Fwp%2Fv2%2Fcategories&post=22690"},{"taxonomy":"post_tag","embeddable":true,"href":"https:\/\/www.forcefemmes.com\/index.php?rest_route=%2Fwp%2Fv2%2Ftags&post=22690"}],"curies":[{"name":"wp","href":"https:\/\/api.w.org\/{rel}","templated":true}]}}