{"id":23525,"date":"2025-05-20T11:20:15","date_gmt":"2025-05-20T09:20:15","guid":{"rendered":"https:\/\/www.forcefemmes.com\/?p=23525"},"modified":"2025-05-23T15:18:35","modified_gmt":"2025-05-23T13:18:35","slug":"class-for-confidence-avec-sephora","status":"publish","type":"post","link":"https:\/\/www.forcefemmes.com\/?p=23525","title":{"rendered":"Class for Confidence avec Sephora"},"content":{"rendered":"<h2 style=\"text-align: left; padding-left: 40px;\"><span style=\"color: #000000;\">Force Femmes et SEPHORA s\u2019unissent pour accompagner les femmes vers la confiance en soi<\/span><\/h2>\n<p>&nbsp;<\/p>\n<div style=\"width: 1060px;\" class=\"wp-video\"><video class=\"wp-video-shortcode\" id=\"video-23525-1\" width=\"1060\" height=\"596\" preload=\"metadata\" controls=\"controls\"><source type=\"video\/mp4\" src=\"https:\/\/www.forcefemmes.com\/wp-content\/uploads\/2025\/05\/Video-CFC-Mars-2025.mp4?_=1\" \/><a href=\"https:\/\/www.forcefemmes.com\/wp-content\/uploads\/2025\/05\/Video-CFC-Mars-2025.mp4\">https:\/\/www.forcefemmes.com\/wp-content\/uploads\/2025\/05\/Video-CFC-Mars-2025.mp4<\/a><\/video><\/div>\n<h4><\/h4>\n<p>&nbsp;<\/p>\n<h5 style=\"padding-left: 40px;\"><span style=\"color: #000000;\">\u00c0 l\u2019occasion de la Journ\u00e9e internationale des droits des femmes, Force Femmes et SEPHORA ont renouvel\u00e9 leur engagement commun en faveur de l&rsquo;insertion professionnelle des femmes de plus de 45 ans, en organisant une nouvelle \u00e9dition des \u00ab\u00a0Classes For Confidence\u00a0\u00bb.<\/span><\/h5>\n<p>&nbsp;<\/p>\n<h5 style=\"padding-left: 40px;\"><span style=\"color: #000000;\">Du 4 au 7 mars, 39 candidates accompagn\u00e9es par Force Femmes ont \u00e9t\u00e9 accueillies dans 7 magasins SEPHORA situ\u00e9s \u00e0 Paris, Marseille, Lille, Bordeaux et Lyon. Lors de ces ateliers de deux heures, anim\u00e9s par les make-up artists professionnels de SEPHORA, les participantes ont b\u00e9n\u00e9fici\u00e9 de cours de maquillage personnalis\u00e9s. Bien plus qu\u2019un simple moment de beaut\u00e9, ces sessions ont offert une v\u00e9ritable parenth\u00e8se de bien-\u00eatre, souvent propice \u00e0 regagner confiance en soi, un \u00e9l\u00e9ment cl\u00e9 dans un parcours de retour \u00e0 l\u2019emploi.<\/span><\/h5>\n<p>&nbsp;<\/p>\n<h5 style=\"padding-left: 40px;\" data-start=\"1205\" data-end=\"1387\"><span style=\"color: #000000;\">Le 11 mars, une seconde \u00e9tape a permis \u00e0 10 candidates de participer \u00e0 une journ\u00e9e exceptionnelle \u00e0 la SEPHORA University \u00e0 Paris. Cette immersion a combin\u00e9 plusieurs temps forts :<\/span><\/h5>\n<p>&nbsp;<\/p>\n<h5 style=\"padding-left: 120px;\"><span style=\"color: #000000;\">&#8211; un coaching RH individualis\u00e9,<\/span><\/h5>\n<h5 style=\"padding-left: 120px;\"><span style=\"color: #000000;\">&#8211; un atelier de conseil en image,<\/span><\/h5>\n<h5 style=\"padding-left: 120px;\"><span style=\"color: #000000;\">&#8211; Et bien s\u00fbr, un cours de maquillage adapt\u00e9 aux besoins de chacune.<\/span><\/h5>\n<p>&nbsp;<\/p>\n<h5 style=\"padding-left: 40px;\" data-start=\"1542\" data-end=\"1723\"><span style=\"color: #000000;\">Ce partenariat illustre parfaitement les valeurs que partagent Force Femmes et SEPHORA : solidarit\u00e9, empowerment et inclusion. <\/span><span style=\"color: #000000;\">Nous remercions chaleureusement notre partenaire SEPHORA, fid\u00e8le soutien depuis plusieurs ann\u00e9es, ainsi que l\u2019ensemble des \u00e9quipes mobilis\u00e9es pour leur accueil chaleureux, leur professionnalisme et la qualit\u00e9 des \u00e9changes qu\u2019elles ont su offrir aux participantes.<\/span><\/h5>\n","protected":false},"excerpt":{"rendered":"<p>Force Femmes et SEPHORA s\u2019unissent pour accompagner les femmes vers la confiance en soi &nbsp; &nbsp; \u00c0 l\u2019occasion de la Journ\u00e9e internationale des droits des femmes, Force Femmes et SEPHORA ont renouvel\u00e9 leur engagement commun en faveur de l&rsquo;insertion professionnelle des femmes de plus de&#8230;<\/p>\n","protected":false},"author":1,"featured_media":23538,"comment_status":"closed","ping_status":"closed","sticky":false,"template":"","format":"standard","meta":{"footnotes":""},"categories":[143,128],"tags":[],"class_list":["post-23525","post","type-post","status-publish","format-standard","has-post-thumbnail","hentry","category-antennes","category-evenements"],"yoast_head":"<!-- This site is optimized with the Yoast SEO Premium plugin v27.0 (Yoast SEO v27.9) - https:\/\/yoast.com\/product\/yoast-seo-premium-wordpress\/ -->\n<title>Class for Confidence avec Sephora | Force Femmes<\/title>\n<meta name=\"description\" content=\"\u00c0 l\u2019occasion de la Journ\u00e9e internationale des droits des femmes, Force Femmes et SEPHORA ont renouvel\u00e9 leur engagement commun en faveur de l&#039;insertion professionnelle des femmes de plus de 45 ans, en organisant une nouvelle \u00e9dition des &quot;Classes For Confidence&quot;.\" \/>\n<meta name=\"robots\" content=\"index, follow, max-snippet:-1, max-image-preview:large, max-video-preview:-1\" \/>\n<link rel=\"canonical\" href=\"https:\/\/www.forcefemmes.com\/?p=23525\" \/>\n<meta property=\"og:locale\" content=\"fr_FR\" \/>\n<meta property=\"og:type\" content=\"article\" \/>\n<meta property=\"og:title\" content=\"Class for Confidence avec Sephora\" \/>\n<meta property=\"og:description\" content=\"\u00c0 l\u2019occasion de la Journ\u00e9e internationale des droits des femmes, Force Femmes et SEPHORA ont renouvel\u00e9 leur engagement commun en faveur de l&#039;insertion professionnelle des femmes de plus de 45 ans, en organisant une nouvelle \u00e9dition des &quot;Classes For Confidence&quot;.\" \/>\n<meta property=\"og:url\" content=\"https:\/\/www.forcefemmes.com\/?p=23525\" \/>\n<meta property=\"og:site_name\" content=\"Force Femmes\" \/>\n<meta property=\"article:published_time\" content=\"2025-05-20T09:20:15+00:00\" \/>\n<meta property=\"article:modified_time\" content=\"2025-05-23T13:18:35+00:00\" \/>\n<meta property=\"og:image\" content=\"https:\/\/www.forcefemmes.com\/wp-content\/uploads\/2025\/05\/DSC03441-scaled.jpg\" \/>\n\t<meta property=\"og:image:width\" content=\"2560\" \/>\n\t<meta property=\"og:image:height\" content=\"1707\" \/>\n\t<meta property=\"og:image:type\" content=\"image\/jpeg\" \/>\n<meta name=\"author\" content=\"info@forcefemmes.com\" \/>\n<meta name=\"twitter:card\" content=\"summary_large_image\" \/>\n<meta name=\"twitter:label1\" content=\"\u00c9crit par\" \/>\n\t<meta name=\"twitter:data1\" content=\"info@forcefemmes.com\" \/>\n\t<meta name=\"twitter:label2\" content=\"Dur\u00e9e de lecture estim\u00e9e\" \/>\n\t<meta name=\"twitter:data2\" content=\"1 minute\" \/>\n<script type=\"application\/ld+json\" class=\"yoast-schema-graph\">{\"@context\":\"https:\\\/\\\/schema.org\",\"@graph\":[{\"@type\":\"Article\",\"@id\":\"https:\\\/\\\/www.forcefemmes.com\\\/?p=23525#article\",\"isPartOf\":{\"@id\":\"https:\\\/\\\/www.forcefemmes.com\\\/?p=23525\"},\"author\":{\"name\":\"info@forcefemmes.com\",\"@id\":\"https:\\\/\\\/www.forcefemmes.com\\\/#\\\/schema\\\/person\\\/5bbda8a197fcdd46d3de8a8adc540d4f\"},\"headline\":\"Class for Confidence avec Sephora\",\"datePublished\":\"2025-05-20T09:20:15+00:00\",\"dateModified\":\"2025-05-23T13:18:35+00:00\",\"mainEntityOfPage\":{\"@id\":\"https:\\\/\\\/www.forcefemmes.com\\\/?p=23525\"},\"wordCount\":274,\"image\":{\"@id\":\"https:\\\/\\\/www.forcefemmes.com\\\/?p=23525#primaryimage\"},\"thumbnailUrl\":\"https:\\\/\\\/www.forcefemmes.com\\\/wp-content\\\/uploads\\\/2025\\\/05\\\/DSC03441-scaled.jpg\",\"articleSection\":[\"Antennes\",\"Ev\u00e8nements\"],\"inLanguage\":\"fr-FR\"},{\"@type\":\"WebPage\",\"@id\":\"https:\\\/\\\/www.forcefemmes.com\\\/?p=23525\",\"url\":\"https:\\\/\\\/www.forcefemmes.com\\\/?p=23525\",\"name\":\"Class for Confidence avec Sephora | Force Femmes\",\"isPartOf\":{\"@id\":\"https:\\\/\\\/www.forcefemmes.com\\\/#website\"},\"primaryImageOfPage\":{\"@id\":\"https:\\\/\\\/www.forcefemmes.com\\\/?p=23525#primaryimage\"},\"image\":{\"@id\":\"https:\\\/\\\/www.forcefemmes.com\\\/?p=23525#primaryimage\"},\"thumbnailUrl\":\"https:\\\/\\\/www.forcefemmes.com\\\/wp-content\\\/uploads\\\/2025\\\/05\\\/DSC03441-scaled.jpg\",\"datePublished\":\"2025-05-20T09:20:15+00:00\",\"dateModified\":\"2025-05-23T13:18:35+00:00\",\"author\":{\"@id\":\"https:\\\/\\\/www.forcefemmes.com\\\/#\\\/schema\\\/person\\\/5bbda8a197fcdd46d3de8a8adc540d4f\"},\"description\":\"\u00c0 l\u2019occasion de la Journ\u00e9e internationale des droits des femmes, Force Femmes et SEPHORA ont renouvel\u00e9 leur engagement commun en faveur de l'insertion professionnelle des femmes de plus de 45 ans, en organisant une nouvelle \u00e9dition des \\\"Classes For Confidence\\\".\",\"breadcrumb\":{\"@id\":\"https:\\\/\\\/www.forcefemmes.com\\\/?p=23525#breadcrumb\"},\"inLanguage\":\"fr-FR\",\"potentialAction\":[{\"@type\":\"ReadAction\",\"target\":[\"https:\\\/\\\/www.forcefemmes.com\\\/?p=23525\"]}]},{\"@type\":\"ImageObject\",\"inLanguage\":\"fr-FR\",\"@id\":\"https:\\\/\\\/www.forcefemmes.com\\\/?p=23525#primaryimage\",\"url\":\"https:\\\/\\\/www.forcefemmes.com\\\/wp-content\\\/uploads\\\/2025\\\/05\\\/DSC03441-scaled.jpg\",\"contentUrl\":\"https:\\\/\\\/www.forcefemmes.com\\\/wp-content\\\/uploads\\\/2025\\\/05\\\/DSC03441-scaled.jpg\",\"width\":2560,\"height\":1707},{\"@type\":\"BreadcrumbList\",\"@id\":\"https:\\\/\\\/www.forcefemmes.com\\\/?p=23525#breadcrumb\",\"itemListElement\":[{\"@type\":\"ListItem\",\"position\":1,\"name\":\"Accueil\",\"item\":\"https:\\\/\\\/www.forcefemmes.com\\\/\"},{\"@type\":\"ListItem\",\"position\":2,\"name\":\"Class for Confidence avec Sephora\"}]},{\"@type\":\"WebSite\",\"@id\":\"https:\\\/\\\/www.forcefemmes.com\\\/#website\",\"url\":\"https:\\\/\\\/www.forcefemmes.com\\\/\",\"name\":\"Force Femmes\",\"description\":\"Agit pour l&#039;emploi des femmes de plus de 45 ans\",\"potentialAction\":[{\"@type\":\"SearchAction\",\"target\":{\"@type\":\"EntryPoint\",\"urlTemplate\":\"https:\\\/\\\/www.forcefemmes.com\\\/?s={search_term_string}\"},\"query-input\":{\"@type\":\"PropertyValueSpecification\",\"valueRequired\":true,\"valueName\":\"search_term_string\"}}],\"inLanguage\":\"fr-FR\"},{\"@type\":\"Person\",\"@id\":\"https:\\\/\\\/www.forcefemmes.com\\\/#\\\/schema\\\/person\\\/5bbda8a197fcdd46d3de8a8adc540d4f\",\"name\":\"info@forcefemmes.com\",\"image\":{\"@type\":\"ImageObject\",\"inLanguage\":\"fr-FR\",\"@id\":\"https:\\\/\\\/secure.gravatar.com\\\/avatar\\\/59a27199a7c59611639f4688250f25c22dd80de380a1c288192b326a850411a4?s=96&d=mm&r=g\",\"url\":\"https:\\\/\\\/secure.gravatar.com\\\/avatar\\\/59a27199a7c59611639f4688250f25c22dd80de380a1c288192b326a850411a4?s=96&d=mm&r=g\",\"contentUrl\":\"https:\\\/\\\/secure.gravatar.com\\\/avatar\\\/59a27199a7c59611639f4688250f25c22dd80de380a1c288192b326a850411a4?s=96&d=mm&r=g\",\"caption\":\"info@forcefemmes.com\"},\"url\":\"https:\\\/\\\/www.forcefemmes.com\\\/?author=1\"}]}<\/script>\n<!-- \/ Yoast SEO Premium plugin. -->","yoast_head_json":{"title":"Class for Confidence avec Sephora | Force Femmes","description":"\u00c0 l\u2019occasion de la Journ\u00e9e internationale des droits des femmes, Force Femmes et SEPHORA ont renouvel\u00e9 leur engagement commun en faveur de l'insertion professionnelle des femmes de plus de 45 ans, en organisant une nouvelle \u00e9dition des \"Classes For Confidence\".","robots":{"index":"index","follow":"follow","max-snippet":"max-snippet:-1","max-image-preview":"max-image-preview:large","max-video-preview":"max-video-preview:-1"},"canonical":"https:\/\/www.forcefemmes.com\/?p=23525","og_locale":"fr_FR","og_type":"article","og_title":"Class for Confidence avec Sephora","og_description":"\u00c0 l\u2019occasion de la Journ\u00e9e internationale des droits des femmes, Force Femmes et SEPHORA ont renouvel\u00e9 leur engagement commun en faveur de l'insertion professionnelle des femmes de plus de 45 ans, en organisant une nouvelle \u00e9dition des \"Classes For Confidence\".","og_url":"https:\/\/www.forcefemmes.com\/?p=23525","og_site_name":"Force Femmes","article_published_time":"2025-05-20T09:20:15+00:00","article_modified_time":"2025-05-23T13:18:35+00:00","og_image":[{"width":2560,"height":1707,"url":"https:\/\/www.forcefemmes.com\/wp-content\/uploads\/2025\/05\/DSC03441-scaled.jpg","type":"image\/jpeg"}],"author":"info@forcefemmes.com","twitter_card":"summary_large_image","twitter_misc":{"\u00c9crit par":"info@forcefemmes.com","Dur\u00e9e de lecture estim\u00e9e":"1 minute"},"schema":{"@context":"https:\/\/schema.org","@graph":[{"@type":"Article","@id":"https:\/\/www.forcefemmes.com\/?p=23525#article","isPartOf":{"@id":"https:\/\/www.forcefemmes.com\/?p=23525"},"author":{"name":"info@forcefemmes.com","@id":"https:\/\/www.forcefemmes.com\/#\/schema\/person\/5bbda8a197fcdd46d3de8a8adc540d4f"},"headline":"Class for Confidence avec Sephora","datePublished":"2025-05-20T09:20:15+00:00","dateModified":"2025-05-23T13:18:35+00:00","mainEntityOfPage":{"@id":"https:\/\/www.forcefemmes.com\/?p=23525"},"wordCount":274,"image":{"@id":"https:\/\/www.forcefemmes.com\/?p=23525#primaryimage"},"thumbnailUrl":"https:\/\/www.forcefemmes.com\/wp-content\/uploads\/2025\/05\/DSC03441-scaled.jpg","articleSection":["Antennes","Ev\u00e8nements"],"inLanguage":"fr-FR"},{"@type":"WebPage","@id":"https:\/\/www.forcefemmes.com\/?p=23525","url":"https:\/\/www.forcefemmes.com\/?p=23525","name":"Class for Confidence avec Sephora | Force Femmes","isPartOf":{"@id":"https:\/\/www.forcefemmes.com\/#website"},"primaryImageOfPage":{"@id":"https:\/\/www.forcefemmes.com\/?p=23525#primaryimage"},"image":{"@id":"https:\/\/www.forcefemmes.com\/?p=23525#primaryimage"},"thumbnailUrl":"https:\/\/www.forcefemmes.com\/wp-content\/uploads\/2025\/05\/DSC03441-scaled.jpg","datePublished":"2025-05-20T09:20:15+00:00","dateModified":"2025-05-23T13:18:35+00:00","author":{"@id":"https:\/\/www.forcefemmes.com\/#\/schema\/person\/5bbda8a197fcdd46d3de8a8adc540d4f"},"description":"\u00c0 l\u2019occasion de la Journ\u00e9e internationale des droits des femmes, Force Femmes et SEPHORA ont renouvel\u00e9 leur engagement commun en faveur de l'insertion professionnelle des femmes de plus de 45 ans, en organisant une nouvelle \u00e9dition des \"Classes For Confidence\".","breadcrumb":{"@id":"https:\/\/www.forcefemmes.com\/?p=23525#breadcrumb"},"inLanguage":"fr-FR","potentialAction":[{"@type":"ReadAction","target":["https:\/\/www.forcefemmes.com\/?p=23525"]}]},{"@type":"ImageObject","inLanguage":"fr-FR","@id":"https:\/\/www.forcefemmes.com\/?p=23525#primaryimage","url":"https:\/\/www.forcefemmes.com\/wp-content\/uploads\/2025\/05\/DSC03441-scaled.jpg","contentUrl":"https:\/\/www.forcefemmes.com\/wp-content\/uploads\/2025\/05\/DSC03441-scaled.jpg","width":2560,"height":1707},{"@type":"BreadcrumbList","@id":"https:\/\/www.forcefemmes.com\/?p=23525#breadcrumb","itemListElement":[{"@type":"ListItem","position":1,"name":"Accueil","item":"https:\/\/www.forcefemmes.com\/"},{"@type":"ListItem","position":2,"name":"Class for Confidence avec Sephora"}]},{"@type":"WebSite","@id":"https:\/\/www.forcefemmes.com\/#website","url":"https:\/\/www.forcefemmes.com\/","name":"Force Femmes","description":"Agit pour l&#039;emploi des femmes de plus de 45 ans","potentialAction":[{"@type":"SearchAction","target":{"@type":"EntryPoint","urlTemplate":"https:\/\/www.forcefemmes.com\/?s={search_term_string}"},"query-input":{"@type":"PropertyValueSpecification","valueRequired":true,"valueName":"search_term_string"}}],"inLanguage":"fr-FR"},{"@type":"Person","@id":"https:\/\/www.forcefemmes.com\/#\/schema\/person\/5bbda8a197fcdd46d3de8a8adc540d4f","name":"info@forcefemmes.com","image":{"@type":"ImageObject","inLanguage":"fr-FR","@id":"https:\/\/secure.gravatar.com\/avatar\/59a27199a7c59611639f4688250f25c22dd80de380a1c288192b326a850411a4?s=96&d=mm&r=g","url":"https:\/\/secure.gravatar.com\/avatar\/59a27199a7c59611639f4688250f25c22dd80de380a1c288192b326a850411a4?s=96&d=mm&r=g","contentUrl":"https:\/\/secure.gravatar.com\/avatar\/59a27199a7c59611639f4688250f25c22dd80de380a1c288192b326a850411a4?s=96&d=mm&r=g","caption":"info@forcefemmes.com"},"url":"https:\/\/www.forcefemmes.com\/?author=1"}]}},"_links":{"self":[{"href":"https:\/\/www.forcefemmes.com\/index.php?rest_route=\/wp\/v2\/posts\/23525","targetHints":{"allow":["GET"]}}],"collection":[{"href":"https:\/\/www.forcefemmes.com\/index.php?rest_route=\/wp\/v2\/posts"}],"about":[{"href":"https:\/\/www.forcefemmes.com\/index.php?rest_route=\/wp\/v2\/types\/post"}],"author":[{"embeddable":true,"href":"https:\/\/www.forcefemmes.com\/index.php?rest_route=\/wp\/v2\/users\/1"}],"replies":[{"embeddable":true,"href":"https:\/\/www.forcefemmes.com\/index.php?rest_route=%2Fwp%2Fv2%2Fcomments&post=23525"}],"version-history":[{"count":11,"href":"https:\/\/www.forcefemmes.com\/index.php?rest_route=\/wp\/v2\/posts\/23525\/revisions"}],"predecessor-version":[{"id":23539,"href":"https:\/\/www.forcefemmes.com\/index.php?rest_route=\/wp\/v2\/posts\/23525\/revisions\/23539"}],"wp:featuredmedia":[{"embeddable":true,"href":"https:\/\/www.forcefemmes.com\/index.php?rest_route=\/wp\/v2\/media\/23538"}],"wp:attachment":[{"href":"https:\/\/www.forcefemmes.com\/index.php?rest_route=%2Fwp%2Fv2%2Fmedia&parent=23525"}],"wp:term":[{"taxonomy":"category","embeddable":true,"href":"https:\/\/www.forcefemmes.com\/index.php?rest_route=%2Fwp%2Fv2%2Fcategories&post=23525"},{"taxonomy":"post_tag","embeddable":true,"href":"https:\/\/www.forcefemmes.com\/index.php?rest_route=%2Fwp%2Fv2%2Ftags&post=23525"}],"curies":[{"name":"wp","href":"https:\/\/api.w.org\/{rel}","templated":true}]}}