{"id":24388,"date":"2026-04-14T11:20:30","date_gmt":"2026-04-14T09:20:30","guid":{"rendered":"https:\/\/www.forcefemmes.com\/?p=24328"},"modified":"2026-04-14T11:20:30","modified_gmt":"2026-04-14T09:20:30","slug":"apres-45-ans-des-cadres-experimentes-reconnus-mais-encore-fragilises","status":"publish","type":"post","link":"https:\/\/www.forcefemmes.com\/?p=24388","title":{"rendered":"Apr\u00e8s 45 ans, des cadres exp\u00e9riment\u00e9s reconnus\u2026 mais encore fragilis\u00e9s"},"content":{"rendered":"\t\t<div data-elementor-type=\"wp-post\" data-elementor-id=\"24388\" class=\"elementor elementor-24388\" data-elementor-post-type=\"post\">\n\t\t\t\t\t\t<section class=\"elementor-section elementor-top-section elementor-element elementor-element-cdc1a04 elementor-section-boxed elementor-section-height-default elementor-section-height-default parallax_section_no qode_elementor_container_no\" data-id=\"cdc1a04\" data-element_type=\"section\" data-e-type=\"section\">\n\t\t\t\t\t\t<div class=\"elementor-container elementor-column-gap-default\">\n\t\t\t\t\t<div class=\"elementor-column elementor-col-100 elementor-top-column elementor-element elementor-element-4cc8080\" data-id=\"4cc8080\" data-element_type=\"column\" data-e-type=\"column\">\n\t\t\t<div class=\"elementor-widget-wrap elementor-element-populated\">\n\t\t\t\t\t\t<div class=\"elementor-element elementor-element-75364eb elementor-widget__width-inherit elementor-widget elementor-widget-image\" data-id=\"75364eb\" data-element_type=\"widget\" data-e-type=\"widget\" data-widget_type=\"image.default\">\n\t\t\t\t<div class=\"elementor-widget-container\">\n\t\t\t\t\t\t\t\t\t\t\t\t\t\t\t<img decoding=\"async\" src=\"https:\/\/www.forcefemmes.com\/wp-content\/uploads\/2026\/04\/Pour-bandeau-WordPress.png\" title=\"\" alt=\"Moins de 30 % des entreprises ont mis en place des dispositifs sp\u00e9cifiques pour accompagner les carri\u00e8res longues\" loading=\"lazy\" \/>\t\t\t\t\t\t\t\t\t\t\t\t\t\t\t<\/div>\n\t\t\t\t<\/div>\n\t\t\t\t<div class=\"elementor-element elementor-element-22efe55 elementor-widget elementor-widget-heading\" data-id=\"22efe55\" data-element_type=\"widget\" data-e-type=\"widget\" data-widget_type=\"heading.default\">\n\t\t\t\t<div class=\"elementor-widget-container\">\n\t\t\t\t\t<h1 class=\"elementor-heading-title elementor-size-default\"><b>Apr\u00e8s 45 ans, des cadres exp\u00e9riment\u00e9s reconnus\u2026 mais encore fragilis\u00e9s <\/b><\/h1>\t\t\t\t<\/div>\n\t\t\t\t<\/div>\n\t\t\t\t\t<\/div>\n\t\t<\/div>\n\t\t\t\t\t<\/div>\n\t\t<\/section>\n\t\t\t\t<section class=\"elementor-section elementor-top-section elementor-element elementor-element-50728f2d elementor-section-boxed elementor-section-height-default elementor-section-height-default parallax_section_no qode_elementor_container_no\" data-id=\"50728f2d\" data-element_type=\"section\" data-e-type=\"section\">\n\t\t\t\t\t\t<div class=\"elementor-container elementor-column-gap-default\">\n\t\t\t\t\t<div class=\"elementor-column elementor-col-100 elementor-top-column elementor-element elementor-element-9c8cd15\" data-id=\"9c8cd15\" data-element_type=\"column\" data-e-type=\"column\">\n\t\t\t<div class=\"elementor-widget-wrap elementor-element-populated\">\n\t\t\t\t\t\t<div class=\"elementor-element elementor-element-68390db5 elementor-widget elementor-widget-text-editor\" data-id=\"68390db5\" data-element_type=\"widget\" data-e-type=\"widget\" data-widget_type=\"text-editor.default\">\n\t\t\t\t<div class=\"elementor-widget-container\">\n\t\t\t\t\t\t\t\t\t<p data-start=\"453\" data-end=\"780\"><strong>L\u2019exp\u00e9rience devrait \u00eatre un atout majeur dans un monde du travail en transformation permanente. Pourtant, pour de nombreux cadres, le cap des 45 ans marque une p\u00e9riode plus incertaine. Une r\u00e9alit\u00e9 paradoxale se dessine : les profils seniors sont valoris\u00e9s dans les discours, mais restent expos\u00e9s \u00e0 des fragilit\u00e9s bien r\u00e9elles.<\/strong><\/p><p data-start=\"782\" data-end=\"998\"><strong>Une <a href=\"https:\/\/www.robertwalters.fr\/management-de-transition\/nos-publications\/tendances-business\/etudes\/cadres-seniors-atout-ou-poids.html\" target=\"_blank\" rel=\"noopener\">\u00e9tude<\/a> men\u00e9e par <span class=\"hover:entity-accent entity-underline inline cursor-pointer align-baseline\"><span class=\"whitespace-normal\">Robert Walters<\/span><\/span> Management de Transition avec <span class=\"hover:entity-accent entity-underline inline cursor-pointer align-baseline\"><span class=\"whitespace-normal\">Ipsos BVA<\/span><\/span> met en lumi\u00e8re ce d\u00e9calage. Faisons le point sur ses principaux enseignements.<\/strong><\/p><h3 data-start=\"1000\" data-end=\"1069\"><strong>Les cadres seniors : entre valeur reconnue et st\u00e9r\u00e9otypes tenaces<\/strong><\/h3><p data-start=\"1071\" data-end=\"1264\"><strong>Les cadres exp\u00e9riment\u00e9s b\u00e9n\u00e9ficient d\u2019une image globalement positive aupr\u00e8s des dirigeants. Pr\u00e8s des trois quarts d\u2019entre eux consid\u00e8rent ces profils comme un v\u00e9ritable atout pour l\u2019entreprise.<\/strong><\/p><p data-start=\"1266\" data-end=\"1533\"><strong>Leur capacit\u00e9 \u00e0 prendre du recul, \u00e0 g\u00e9rer des situations complexes et \u00e0 mobiliser leur exp\u00e9rience dans des contextes incertains est particuli\u00e8rement appr\u00e9ci\u00e9e. Dans un environnement \u00e9conomique instable, ces qualit\u00e9s sont d\u2019ailleurs per\u00e7ues comme strat\u00e9giques.<\/strong><\/p><p data-start=\"1535\" data-end=\"1755\"><strong>D\u2019un point de vue \u00e9conomique, le constat est \u00e9galement clair : une majorit\u00e9 de dirigeants juge plus pertinent de conserver ces talents que de les remplacer, compte tenu des co\u00fbts et des risques associ\u00e9s \u00e0 un recrutement.<\/strong><\/p><p data-start=\"1757\" data-end=\"1836\"><strong>Malgr\u00e9 cette reconnaissance, les repr\u00e9sentations li\u00e9es \u00e0 l\u2019\u00e2ge restent tenaces.<\/strong><\/p><p data-start=\"1838\" data-end=\"2087\"><strong>Une part significative de dirigeants associe encore les seniors \u00e0 des freins suppos\u00e9s, comme un manque d\u2019adaptabilit\u00e9 ou des difficult\u00e9s face aux \u00e9volutions technologiques. Ces id\u00e9es re\u00e7ues, parfois implicites, continuent d\u2019influencer les d\u00e9cisions.<\/strong><\/p><p data-start=\"2089\" data-end=\"2350\"><strong>Par ailleurs, les remarques li\u00e9es \u00e0 l\u2019\u00e2ge restent fr\u00e9quentes en entreprise. Une grande majorit\u00e9 des professionnels interrog\u00e9s d\u00e9clare y avoir d\u00e9j\u00e0 \u00e9t\u00e9 confront\u00e9e. Ce climat contribue \u00e0 installer une forme de mise \u00e0 distance progressive des profils exp\u00e9riment\u00e9s.<\/strong><\/p><h3 data-start=\"2352\" data-end=\"2414\"><strong>Sentiment d\u2019ins\u00e9curit\u00e9 et manque d\u2019actions des entreprises<\/strong><\/h3><p data-start=\"2416\" data-end=\"2686\"><strong>Face \u00e0 ces constats, les initiatives concr\u00e8tes restent limit\u00e9es. Moins de 30 % des entreprises ont mis en place des dispositifs sp\u00e9cifiques pour accompagner les carri\u00e8res longues : transmission des comp\u00e9tences, formation adapt\u00e9e ou nouvelles formes de collaboration.<\/strong><\/p><p data-start=\"2688\" data-end=\"2968\"><strong>Dans ce contexte, le sentiment de vuln\u00e9rabilit\u00e9 s\u2019installe relativement t\u00f4t. D\u00e8s 45 ans, pr\u00e8s d\u2019un cadre sur deux craint d\u2019\u00eatre progressivement \u00e9cart\u00e9. Cette inqui\u00e9tude peut freiner les projections professionnelles, limiter la prise d\u2019initiative ou encore fragiliser la confiance.<\/strong><\/p><p data-start=\"2970\" data-end=\"3326\"><strong>Si ces difficult\u00e9s concernent l\u2019ensemble des cadres, elles sont souvent renforc\u00e9es pour les femmes. Les in\u00e9galit\u00e9s accumul\u00e9es au fil du parcours \u2014 \u00e9volution plus lente, interruptions, \u00e9carts de r\u00e9mun\u00e9ration \u2014 peuvent accentuer cette fragilit\u00e9.<\/strong><\/p><h3 data-start=\"3328\" data-end=\"3375\"><strong>Mieux accompagner les parcours apr\u00e8s 45 ans<\/strong><\/h3><p data-start=\"3377\" data-end=\"3547\"><strong>Ces constats invitent \u00e0 faire \u00e9voluer les pratiques. La seconde partie de carri\u00e8re ne devrait pas \u00eatre per\u00e7ue comme un d\u00e9clin, mais comme une phase riche en opportunit\u00e9s.<\/strong><\/p><p data-start=\"3549\" data-end=\"3947\"><strong>Dans ce cadre, les entreprises ont un r\u00f4le cl\u00e9 \u00e0 jouer. Le bilan de mi-carri\u00e8re, d\u00e9sormais inscrit dans les obligations l\u00e9gales, constitue un levier structurant pour faire le point sur le parcours professionnel \u00e0 un moment charni\u00e8re. Il permet d\u2019identifier les comp\u00e9tences, les aspirations et, le cas \u00e9ch\u00e9ant, les perspectives d\u2019\u00e9volution, afin de s\u00e9curiser et dynamiser la suite de la trajectoire.<\/strong><\/p><p data-start=\"3949\" data-end=\"4270\"><strong>Dans ce contexte, <a href=\"https:\/\/www.forcefemmes.com\/\" target=\"_blank\" rel=\"noopener\"><span class=\"hover:entity-accent entity-underline inline cursor-pointer align-baseline\"><span class=\"whitespace-normal\">Force Femmes<\/span><\/span><\/a>, qui accompagne depuis plus de 20 ans les femmes de plus de 45 ans dans leur <a href=\"https:\/\/www.forcefemmes.com\/accompagner-et-soutenir\/accompagnement-pour-retrouver-un-emploi\/\" target=\"_blank\" rel=\"noopener\">retour \u00e0 l\u2019emploi<\/a> ou<a href=\"https:\/\/www.forcefemmes.com\/accompagner-et-soutenir\/accompagnement-aux-entrepreneuses\/\" target=\"_blank\" rel=\"noopener\"> la cr\u00e9ation d\u2019entreprise<\/a>, d\u00e9veloppe actuellement un dispositif d\u2019accompagnement aux c\u00f4t\u00e9s d\u2019entreprises partenaires sur ces enjeux de bilan de mi-carri\u00e8re.<\/strong><\/p><p data-start=\"3949\" data-end=\"4270\">Source : <a href=\"https:\/\/www.robertwalters.fr\/management-de-transition\/nos-publications\/tendances-business\/etudes\/cadres-seniors-atout-ou-poids.html\" target=\"_blank\" rel=\"noopener\">\u00ab\u00a0cadre seniors : atout strat\u00e9giques ou poids pour l&rsquo;entreprise ?\u00a0\u00bb Robert Walters Management de Transition en partenariat avec l\u2019institut IPSOS\/BVA &#8211; novembre 2025&Prime;<\/a><\/p>\t\t\t\t\t\t\t\t<\/div>\n\t\t\t\t<\/div>\n\t\t\t\t\t<\/div>\n\t\t<\/div>\n\t\t\t\t\t<\/div>\n\t\t<\/section>\n\t\t\t\t<\/div>\n\t\t","protected":false},"excerpt":{"rendered":"<p>Apr\u00e8s 45 ans, des cadres exp\u00e9riment\u00e9s reconnus\u2026 mais encore fragilis\u00e9s L\u2019exp\u00e9rience devrait \u00eatre un atout majeur dans un monde du travail en transformation permanente. Pourtant, pour de nombreux cadres, le cap des 45 ans marque une p\u00e9riode plus incertaine. Une r\u00e9alit\u00e9 paradoxale se dessine :&#8230;<\/p>\n","protected":false},"author":1,"featured_media":24391,"comment_status":"closed","ping_status":"closed","sticky":false,"template":"elementor_header_footer","format":"standard","meta":{"footnotes":""},"categories":[127],"tags":[151,152],"class_list":["post-24388","post","type-post","status-publish","format-standard","has-post-thumbnail","hentry","category-retour-a-lemploi","tag-emploi","tag-seniors"],"yoast_head":"<!-- This site is optimized with the Yoast SEO Premium plugin v27.0 (Yoast SEO v27.9) - https:\/\/yoast.com\/product\/yoast-seo-premium-wordpress\/ -->\n<title>Apr\u00e8s 45 ans, des cadres exp\u00e9riment\u00e9s reconnus\u2026 mais encore fragilis\u00e9s | Force Femmes<\/title>\n<meta name=\"description\" content=\"Les cadres exp\u00e9riment\u00e9s sont per\u00e7us comme un atout strat\u00e9gique, mais restent confront\u00e9s \u00e0 des st\u00e9r\u00e9otypes et \u00e0 un sentiment d\u2019ins\u00e9curit\u00e9 croissant apr\u00e8s 45 ans. D\u00e9cryptage des enjeux et des leviers pour mieux accompagner les parcours professionnels.\" \/>\n<meta name=\"robots\" content=\"index, follow, max-snippet:-1, max-image-preview:large, max-video-preview:-1\" \/>\n<link rel=\"canonical\" href=\"https:\/\/preproduction.forcefemmes.com\/?p=24388\" \/>\n<meta property=\"og:locale\" content=\"fr_FR\" \/>\n<meta property=\"og:type\" content=\"article\" \/>\n<meta property=\"og:title\" content=\"Apr\u00e8s 45 ans, des cadres exp\u00e9riment\u00e9s reconnus\u2026 mais encore fragilis\u00e9s\" \/>\n<meta property=\"og:description\" content=\"Les cadres exp\u00e9riment\u00e9s sont per\u00e7us comme un atout strat\u00e9gique, mais restent confront\u00e9s \u00e0 des st\u00e9r\u00e9otypes et \u00e0 un sentiment d\u2019ins\u00e9curit\u00e9 croissant apr\u00e8s 45 ans. D\u00e9cryptage des enjeux et des leviers pour mieux accompagner les parcours professionnels.\" \/>\n<meta property=\"og:url\" content=\"https:\/\/preproduction.forcefemmes.com\/?p=24388\" \/>\n<meta property=\"og:site_name\" content=\"Force Femmes\" \/>\n<meta property=\"article:published_time\" content=\"2026-04-14T09:20:30+00:00\" \/>\n<meta property=\"og:image\" content=\"https:\/\/www.forcefemmes.com\/wp-content\/uploads\/2026\/04\/Robert-Walters-etude.png\" \/>\n\t<meta property=\"og:image:width\" content=\"1200\" \/>\n\t<meta property=\"og:image:height\" content=\"1200\" \/>\n\t<meta property=\"og:image:type\" content=\"image\/png\" \/>\n<meta name=\"author\" content=\"info@forcefemmes.com\" \/>\n<meta name=\"twitter:card\" content=\"summary_large_image\" \/>\n<meta name=\"twitter:label1\" content=\"\u00c9crit par\" \/>\n\t<meta name=\"twitter:data1\" content=\"info@forcefemmes.com\" \/>\n\t<meta name=\"twitter:label2\" content=\"Dur\u00e9e de lecture estim\u00e9e\" \/>\n\t<meta name=\"twitter:data2\" content=\"3 minutes\" \/>\n<script type=\"application\/ld+json\" class=\"yoast-schema-graph\">{\"@context\":\"https:\\\/\\\/schema.org\",\"@graph\":[{\"@type\":\"Article\",\"@id\":\"https:\\\/\\\/preproduction.forcefemmes.com\\\/?p=24388#article\",\"isPartOf\":{\"@id\":\"https:\\\/\\\/preproduction.forcefemmes.com\\\/?p=24388\"},\"author\":{\"name\":\"info@forcefemmes.com\",\"@id\":\"https:\\\/\\\/www.forcefemmes.com\\\/#\\\/schema\\\/person\\\/5bbda8a197fcdd46d3de8a8adc540d4f\"},\"headline\":\"Apr\u00e8s 45 ans, des cadres exp\u00e9riment\u00e9s reconnus\u2026 mais encore fragilis\u00e9s\",\"datePublished\":\"2026-04-14T09:20:30+00:00\",\"mainEntityOfPage\":{\"@id\":\"https:\\\/\\\/preproduction.forcefemmes.com\\\/?p=24388\"},\"wordCount\":649,\"image\":{\"@id\":\"https:\\\/\\\/preproduction.forcefemmes.com\\\/?p=24388#primaryimage\"},\"thumbnailUrl\":\"https:\\\/\\\/www.forcefemmes.com\\\/wp-content\\\/uploads\\\/2026\\\/04\\\/Robert-Walters-etude.png\",\"keywords\":[\"emploi\",\"seniors\"],\"articleSection\":[\"Retour \u00e0 l'emploi\"],\"inLanguage\":\"fr-FR\"},{\"@type\":\"WebPage\",\"@id\":\"https:\\\/\\\/preproduction.forcefemmes.com\\\/?p=24388\",\"url\":\"https:\\\/\\\/preproduction.forcefemmes.com\\\/?p=24388\",\"name\":\"Apr\u00e8s 45 ans, des cadres exp\u00e9riment\u00e9s reconnus\u2026 mais encore fragilis\u00e9s | Force Femmes\",\"isPartOf\":{\"@id\":\"https:\\\/\\\/www.forcefemmes.com\\\/#website\"},\"primaryImageOfPage\":{\"@id\":\"https:\\\/\\\/preproduction.forcefemmes.com\\\/?p=24388#primaryimage\"},\"image\":{\"@id\":\"https:\\\/\\\/preproduction.forcefemmes.com\\\/?p=24388#primaryimage\"},\"thumbnailUrl\":\"https:\\\/\\\/www.forcefemmes.com\\\/wp-content\\\/uploads\\\/2026\\\/04\\\/Robert-Walters-etude.png\",\"datePublished\":\"2026-04-14T09:20:30+00:00\",\"author\":{\"@id\":\"https:\\\/\\\/www.forcefemmes.com\\\/#\\\/schema\\\/person\\\/5bbda8a197fcdd46d3de8a8adc540d4f\"},\"description\":\"Les cadres exp\u00e9riment\u00e9s sont per\u00e7us comme un atout strat\u00e9gique, mais restent confront\u00e9s \u00e0 des st\u00e9r\u00e9otypes et \u00e0 un sentiment d\u2019ins\u00e9curit\u00e9 croissant apr\u00e8s 45 ans. D\u00e9cryptage des enjeux et des leviers pour mieux accompagner les parcours professionnels.\",\"breadcrumb\":{\"@id\":\"https:\\\/\\\/preproduction.forcefemmes.com\\\/?p=24388#breadcrumb\"},\"inLanguage\":\"fr-FR\",\"potentialAction\":[{\"@type\":\"ReadAction\",\"target\":[\"https:\\\/\\\/preproduction.forcefemmes.com\\\/?p=24388\"]}]},{\"@type\":\"ImageObject\",\"inLanguage\":\"fr-FR\",\"@id\":\"https:\\\/\\\/preproduction.forcefemmes.com\\\/?p=24388#primaryimage\",\"url\":\"https:\\\/\\\/www.forcefemmes.com\\\/wp-content\\\/uploads\\\/2026\\\/04\\\/Robert-Walters-etude.png\",\"contentUrl\":\"https:\\\/\\\/www.forcefemmes.com\\\/wp-content\\\/uploads\\\/2026\\\/04\\\/Robert-Walters-etude.png\",\"width\":1200,\"height\":1200,\"caption\":\"Cadres seniors apr\u00e8s 45 ans : entre atout strat\u00e9gique et fragilit\u00e9 professionnelle\"},{\"@type\":\"BreadcrumbList\",\"@id\":\"https:\\\/\\\/preproduction.forcefemmes.com\\\/?p=24388#breadcrumb\",\"itemListElement\":[{\"@type\":\"ListItem\",\"position\":1,\"name\":\"Accueil\",\"item\":\"https:\\\/\\\/www.forcefemmes.com\\\/\"},{\"@type\":\"ListItem\",\"position\":2,\"name\":\"Apr\u00e8s 45 ans, des cadres exp\u00e9riment\u00e9s reconnus\u2026 mais encore fragilis\u00e9s\"}]},{\"@type\":\"WebSite\",\"@id\":\"https:\\\/\\\/www.forcefemmes.com\\\/#website\",\"url\":\"https:\\\/\\\/www.forcefemmes.com\\\/\",\"name\":\"Force Femmes\",\"description\":\"Agit pour l&#039;emploi des femmes de plus de 45 ans\",\"potentialAction\":[{\"@type\":\"SearchAction\",\"target\":{\"@type\":\"EntryPoint\",\"urlTemplate\":\"https:\\\/\\\/www.forcefemmes.com\\\/?s={search_term_string}\"},\"query-input\":{\"@type\":\"PropertyValueSpecification\",\"valueRequired\":true,\"valueName\":\"search_term_string\"}}],\"inLanguage\":\"fr-FR\"},{\"@type\":\"Person\",\"@id\":\"https:\\\/\\\/www.forcefemmes.com\\\/#\\\/schema\\\/person\\\/5bbda8a197fcdd46d3de8a8adc540d4f\",\"name\":\"info@forcefemmes.com\",\"image\":{\"@type\":\"ImageObject\",\"inLanguage\":\"fr-FR\",\"@id\":\"https:\\\/\\\/secure.gravatar.com\\\/avatar\\\/59a27199a7c59611639f4688250f25c22dd80de380a1c288192b326a850411a4?s=96&d=mm&r=g\",\"url\":\"https:\\\/\\\/secure.gravatar.com\\\/avatar\\\/59a27199a7c59611639f4688250f25c22dd80de380a1c288192b326a850411a4?s=96&d=mm&r=g\",\"contentUrl\":\"https:\\\/\\\/secure.gravatar.com\\\/avatar\\\/59a27199a7c59611639f4688250f25c22dd80de380a1c288192b326a850411a4?s=96&d=mm&r=g\",\"caption\":\"info@forcefemmes.com\"},\"url\":\"https:\\\/\\\/www.forcefemmes.com\\\/?author=1\"}]}<\/script>\n<!-- \/ Yoast SEO Premium plugin. -->","yoast_head_json":{"title":"Apr\u00e8s 45 ans, des cadres exp\u00e9riment\u00e9s reconnus\u2026 mais encore fragilis\u00e9s | Force Femmes","description":"Les cadres exp\u00e9riment\u00e9s sont per\u00e7us comme un atout strat\u00e9gique, mais restent confront\u00e9s \u00e0 des st\u00e9r\u00e9otypes et \u00e0 un sentiment d\u2019ins\u00e9curit\u00e9 croissant apr\u00e8s 45 ans. D\u00e9cryptage des enjeux et des leviers pour mieux accompagner les parcours professionnels.","robots":{"index":"index","follow":"follow","max-snippet":"max-snippet:-1","max-image-preview":"max-image-preview:large","max-video-preview":"max-video-preview:-1"},"canonical":"https:\/\/preproduction.forcefemmes.com\/?p=24388","og_locale":"fr_FR","og_type":"article","og_title":"Apr\u00e8s 45 ans, des cadres exp\u00e9riment\u00e9s reconnus\u2026 mais encore fragilis\u00e9s","og_description":"Les cadres exp\u00e9riment\u00e9s sont per\u00e7us comme un atout strat\u00e9gique, mais restent confront\u00e9s \u00e0 des st\u00e9r\u00e9otypes et \u00e0 un sentiment d\u2019ins\u00e9curit\u00e9 croissant apr\u00e8s 45 ans. D\u00e9cryptage des enjeux et des leviers pour mieux accompagner les parcours professionnels.","og_url":"https:\/\/preproduction.forcefemmes.com\/?p=24388","og_site_name":"Force Femmes","article_published_time":"2026-04-14T09:20:30+00:00","og_image":[{"width":1200,"height":1200,"url":"https:\/\/www.forcefemmes.com\/wp-content\/uploads\/2026\/04\/Robert-Walters-etude.png","type":"image\/png"}],"author":"info@forcefemmes.com","twitter_card":"summary_large_image","twitter_misc":{"\u00c9crit par":"info@forcefemmes.com","Dur\u00e9e de lecture estim\u00e9e":"3 minutes"},"schema":{"@context":"https:\/\/schema.org","@graph":[{"@type":"Article","@id":"https:\/\/preproduction.forcefemmes.com\/?p=24388#article","isPartOf":{"@id":"https:\/\/preproduction.forcefemmes.com\/?p=24388"},"author":{"name":"info@forcefemmes.com","@id":"https:\/\/www.forcefemmes.com\/#\/schema\/person\/5bbda8a197fcdd46d3de8a8adc540d4f"},"headline":"Apr\u00e8s 45 ans, des cadres exp\u00e9riment\u00e9s reconnus\u2026 mais encore fragilis\u00e9s","datePublished":"2026-04-14T09:20:30+00:00","mainEntityOfPage":{"@id":"https:\/\/preproduction.forcefemmes.com\/?p=24388"},"wordCount":649,"image":{"@id":"https:\/\/preproduction.forcefemmes.com\/?p=24388#primaryimage"},"thumbnailUrl":"https:\/\/www.forcefemmes.com\/wp-content\/uploads\/2026\/04\/Robert-Walters-etude.png","keywords":["emploi","seniors"],"articleSection":["Retour \u00e0 l'emploi"],"inLanguage":"fr-FR"},{"@type":"WebPage","@id":"https:\/\/preproduction.forcefemmes.com\/?p=24388","url":"https:\/\/preproduction.forcefemmes.com\/?p=24388","name":"Apr\u00e8s 45 ans, des cadres exp\u00e9riment\u00e9s reconnus\u2026 mais encore fragilis\u00e9s | Force Femmes","isPartOf":{"@id":"https:\/\/www.forcefemmes.com\/#website"},"primaryImageOfPage":{"@id":"https:\/\/preproduction.forcefemmes.com\/?p=24388#primaryimage"},"image":{"@id":"https:\/\/preproduction.forcefemmes.com\/?p=24388#primaryimage"},"thumbnailUrl":"https:\/\/www.forcefemmes.com\/wp-content\/uploads\/2026\/04\/Robert-Walters-etude.png","datePublished":"2026-04-14T09:20:30+00:00","author":{"@id":"https:\/\/www.forcefemmes.com\/#\/schema\/person\/5bbda8a197fcdd46d3de8a8adc540d4f"},"description":"Les cadres exp\u00e9riment\u00e9s sont per\u00e7us comme un atout strat\u00e9gique, mais restent confront\u00e9s \u00e0 des st\u00e9r\u00e9otypes et \u00e0 un sentiment d\u2019ins\u00e9curit\u00e9 croissant apr\u00e8s 45 ans. D\u00e9cryptage des enjeux et des leviers pour mieux accompagner les parcours professionnels.","breadcrumb":{"@id":"https:\/\/preproduction.forcefemmes.com\/?p=24388#breadcrumb"},"inLanguage":"fr-FR","potentialAction":[{"@type":"ReadAction","target":["https:\/\/preproduction.forcefemmes.com\/?p=24388"]}]},{"@type":"ImageObject","inLanguage":"fr-FR","@id":"https:\/\/preproduction.forcefemmes.com\/?p=24388#primaryimage","url":"https:\/\/www.forcefemmes.com\/wp-content\/uploads\/2026\/04\/Robert-Walters-etude.png","contentUrl":"https:\/\/www.forcefemmes.com\/wp-content\/uploads\/2026\/04\/Robert-Walters-etude.png","width":1200,"height":1200,"caption":"Cadres seniors apr\u00e8s 45 ans : entre atout strat\u00e9gique et fragilit\u00e9 professionnelle"},{"@type":"BreadcrumbList","@id":"https:\/\/preproduction.forcefemmes.com\/?p=24388#breadcrumb","itemListElement":[{"@type":"ListItem","position":1,"name":"Accueil","item":"https:\/\/www.forcefemmes.com\/"},{"@type":"ListItem","position":2,"name":"Apr\u00e8s 45 ans, des cadres exp\u00e9riment\u00e9s reconnus\u2026 mais encore fragilis\u00e9s"}]},{"@type":"WebSite","@id":"https:\/\/www.forcefemmes.com\/#website","url":"https:\/\/www.forcefemmes.com\/","name":"Force Femmes","description":"Agit pour l&#039;emploi des femmes de plus de 45 ans","potentialAction":[{"@type":"SearchAction","target":{"@type":"EntryPoint","urlTemplate":"https:\/\/www.forcefemmes.com\/?s={search_term_string}"},"query-input":{"@type":"PropertyValueSpecification","valueRequired":true,"valueName":"search_term_string"}}],"inLanguage":"fr-FR"},{"@type":"Person","@id":"https:\/\/www.forcefemmes.com\/#\/schema\/person\/5bbda8a197fcdd46d3de8a8adc540d4f","name":"info@forcefemmes.com","image":{"@type":"ImageObject","inLanguage":"fr-FR","@id":"https:\/\/secure.gravatar.com\/avatar\/59a27199a7c59611639f4688250f25c22dd80de380a1c288192b326a850411a4?s=96&d=mm&r=g","url":"https:\/\/secure.gravatar.com\/avatar\/59a27199a7c59611639f4688250f25c22dd80de380a1c288192b326a850411a4?s=96&d=mm&r=g","contentUrl":"https:\/\/secure.gravatar.com\/avatar\/59a27199a7c59611639f4688250f25c22dd80de380a1c288192b326a850411a4?s=96&d=mm&r=g","caption":"info@forcefemmes.com"},"url":"https:\/\/www.forcefemmes.com\/?author=1"}]}},"_links":{"self":[{"href":"https:\/\/www.forcefemmes.com\/index.php?rest_route=\/wp\/v2\/posts\/24388","targetHints":{"allow":["GET"]}}],"collection":[{"href":"https:\/\/www.forcefemmes.com\/index.php?rest_route=\/wp\/v2\/posts"}],"about":[{"href":"https:\/\/www.forcefemmes.com\/index.php?rest_route=\/wp\/v2\/types\/post"}],"author":[{"embeddable":true,"href":"https:\/\/www.forcefemmes.com\/index.php?rest_route=\/wp\/v2\/users\/1"}],"replies":[{"embeddable":true,"href":"https:\/\/www.forcefemmes.com\/index.php?rest_route=%2Fwp%2Fv2%2Fcomments&post=24388"}],"version-history":[{"count":0,"href":"https:\/\/www.forcefemmes.com\/index.php?rest_route=\/wp\/v2\/posts\/24388\/revisions"}],"wp:featuredmedia":[{"embeddable":true,"href":"https:\/\/www.forcefemmes.com\/index.php?rest_route=\/wp\/v2\/media\/24391"}],"wp:attachment":[{"href":"https:\/\/www.forcefemmes.com\/index.php?rest_route=%2Fwp%2Fv2%2Fmedia&parent=24388"}],"wp:term":[{"taxonomy":"category","embeddable":true,"href":"https:\/\/www.forcefemmes.com\/index.php?rest_route=%2Fwp%2Fv2%2Fcategories&post=24388"},{"taxonomy":"post_tag","embeddable":true,"href":"https:\/\/www.forcefemmes.com\/index.php?rest_route=%2Fwp%2Fv2%2Ftags&post=24388"}],"curies":[{"name":"wp","href":"https:\/\/api.w.org\/{rel}","templated":true}]}}