{"id":24900,"date":"2026-05-12T10:14:57","date_gmt":"2026-05-12T08:14:57","guid":{"rendered":"https:\/\/www.forcefemmes.com\/?p=24900"},"modified":"2026-08-28T10:48:02","modified_gmt":"2026-08-28T08:48:02","slug":"journee-leadership-fursac-force-femmes","status":"publish","type":"post","link":"https:\/\/www.forcefemmes.com\/?p=24900","title":{"rendered":"Une journ\u00e9e riche en partages chez Fursac"},"content":{"rendered":"\t\t<div data-elementor-type=\"wp-post\" data-elementor-id=\"24900\" class=\"elementor elementor-24900\" data-elementor-post-type=\"post\">\n\t\t\t\t\t\t<section class=\"elementor-section elementor-top-section elementor-element elementor-element-15651323 elementor-section-stretched elementor-section-full_width elementor-section-height-default elementor-section-height-default parallax_section_no qode_elementor_container_no\" data-id=\"15651323\" data-element_type=\"section\" data-e-type=\"section\" data-settings=\"{&quot;stretch_section&quot;:&quot;section-stretched&quot;}\">\n\t\t\t\t\t\t<div class=\"elementor-container elementor-column-gap-default\">\n\t\t\t\t\t<div class=\"elementor-column elementor-col-100 elementor-top-column elementor-element elementor-element-8b12a30\" data-id=\"8b12a30\" data-element_type=\"column\" data-e-type=\"column\">\n\t\t\t<div class=\"elementor-widget-wrap elementor-element-populated\">\n\t\t\t\t\t\t<div class=\"elementor-element elementor-element-1ff7130 elementor-widget__width-inherit elementor-widget elementor-widget-image\" data-id=\"1ff7130\" data-element_type=\"widget\" data-e-type=\"widget\" data-widget_type=\"image.default\">\n\t\t\t\t<div class=\"elementor-widget-container\">\n\t\t\t\t\t\t\t\t\t\t\t\t\t\t\t<img fetchpriority=\"high\" decoding=\"async\" width=\"1024\" height=\"267\" src=\"https:\/\/www.forcefemmes.com\/wp-content\/uploads\/2026\/08\/Fursac-1152-x-300-px-3-1024x267.png\" class=\"attachment-large size-large wp-image-24920\" alt=\"\" srcset=\"https:\/\/www.forcefemmes.com\/wp-content\/uploads\/2026\/08\/Fursac-1152-x-300-px-3-1024x267.png 1024w, https:\/\/www.forcefemmes.com\/wp-content\/uploads\/2026\/08\/Fursac-1152-x-300-px-3-300x78.png 300w, https:\/\/www.forcefemmes.com\/wp-content\/uploads\/2026\/08\/Fursac-1152-x-300-px-3-768x200.png 768w, https:\/\/www.forcefemmes.com\/wp-content\/uploads\/2026\/08\/Fursac-1152-x-300-px-3-700x182.png 700w, https:\/\/www.forcefemmes.com\/wp-content\/uploads\/2026\/08\/Fursac-1152-x-300-px-3.png 1152w\" sizes=\"(max-width: 1024px) 100vw, 1024px\" \/>\t\t\t\t\t\t\t\t\t\t\t\t\t\t\t<\/div>\n\t\t\t\t<\/div>\n\t\t\t\t<div class=\"elementor-element elementor-element-2150038 elementor-widget elementor-widget-heading\" data-id=\"2150038\" data-element_type=\"widget\" data-e-type=\"widget\" data-widget_type=\"heading.default\">\n\t\t\t\t<div class=\"elementor-widget-container\">\n\t\t\t\t\t<h1 class=\"elementor-heading-title elementor-size-default\">Une journ\u00e9e riche en partages chez Fursac <\/h1>\t\t\t\t<\/div>\n\t\t\t\t<\/div>\n\t\t\t\t<div class=\"elementor-element elementor-element-351fd4c elementor-widget elementor-widget-spacer\" data-id=\"351fd4c\" data-element_type=\"widget\" data-e-type=\"widget\" data-widget_type=\"spacer.default\">\n\t\t\t\t<div class=\"elementor-widget-container\">\n\t\t\t\t\t\t\t<div class=\"elementor-spacer\">\n\t\t\t<div class=\"elementor-spacer-inner\"><\/div>\n\t\t<\/div>\n\t\t\t\t\t\t<\/div>\n\t\t\t\t<\/div>\n\t\t\t\t<div class=\"elementor-element elementor-element-c27ee89 elementor-widget__width-inherit elementor-widget elementor-widget-text-editor\" data-id=\"c27ee89\" data-element_type=\"widget\" data-e-type=\"widget\" data-widget_type=\"text-editor.default\">\n\t\t\t\t<div class=\"elementor-widget-container\">\n\t\t\t\t\t\t\t\t\t<p><span data-contrast=\"auto\">Le 9 avril dernier, <\/span><b><span data-contrast=\"auto\">Fursac<\/span><\/b><span data-contrast=\"auto\"> a accueilli 15 femmes accompagn\u00e9es au sein des locaux du groupe <\/span><b><span data-contrast=\"auto\">SMCP<\/span><\/b><span data-contrast=\"auto\"> \u00e0 Paris, pour une journ\u00e9e riche en \u00e9changes, en apprentissages et en rencontres inspirantes, d\u00e9di\u00e9 \u00e0 leur projet professionnel, au d\u00e9veloppement de leur r\u00e9seau et au renforcement de leur confiance en elles.<\/span><span data-ccp-props=\"{&quot;335551550&quot;:6,&quot;335551620&quot;:6}\">\u00a0<\/span><\/p><h2><b><span data-contrast=\"auto\">Une rencontre inspirante autour du leadership et des parcours professionnels<\/span><\/b><span data-ccp-props=\"{&quot;335551550&quot;:6,&quot;335551620&quot;:6}\">\u00a0<br \/><br \/><\/span><\/h2><p><span data-contrast=\"auto\">Temps fort de la matin\u00e9e, les participantes ont eu l&rsquo;opportunit\u00e9 d&rsquo;\u00e9changer avec <\/span><b><span data-contrast=\"auto\">Louise Bousquet Andreani, Directrice G\u00e9n\u00e9rale de Fursac<\/span><\/b><span data-contrast=\"auto\">, qui a partag\u00e9 avec g\u00e9n\u00e9rosit\u00e9 son parcours professionnel, sa vision du leadership et ses r\u00e9flexions sur la place des femmes dans les trajectoires de carri\u00e8re.<\/span><span data-ccp-props=\"{&quot;335551550&quot;:6,&quot;335551620&quot;:6}\">\u00a0<\/span><\/p><p><span data-contrast=\"auto\">Elle a livr\u00e9 de nombreux conseils qui ont trouv\u00e9 un fort \u00e9cho aupr\u00e8s des participantes, les invitant \u00e0 croire en leurs comp\u00e9tences, \u00e0 valoriser leur exp\u00e9rience et \u00e0 oser saisir de nouvelles opportunit\u00e9s.<\/span><span data-ccp-props=\"{&quot;335551550&quot;:6,&quot;335551620&quot;:6}\">\u00a0<\/span><\/p><p><span data-contrast=\"auto\">Cette rencontre privil\u00e9gi\u00e9e s&rsquo;est poursuivie avec les interventions de <\/span><b><span data-contrast=\"auto\">Laura Akoum, Directrice de collection chez Fursac<\/span><\/b><span data-contrast=\"auto\">, et de <\/span><b><span data-contrast=\"auto\">Christelle Sanchez, Responsable Diversit\u00e9, Inclusion et Projets Talents du groupe SMCP<\/span><\/b><span data-contrast=\"auto\">, permettant aux participantes de d\u00e9couvrir des parcours vari\u00e9s et d&rsquo;\u00e9changer sur les enjeux de l&rsquo;\u00e9volution professionnelle, de la diversit\u00e9 et du d\u00e9veloppement des talents.<\/span><span data-ccp-props=\"{&quot;335551550&quot;:6,&quot;335551620&quot;:6}\">\u00a0<\/span><\/p><h2><b><span data-contrast=\"auto\">Des ateliers pratiques pour gagner en confiance<\/span><\/b><span data-ccp-props=\"{&quot;335551550&quot;:6,&quot;335551620&quot;:6}\">\u00a0<\/span><\/h2><p>\u00a0<\/p><p><span data-contrast=\"auto\">L&rsquo;apr\u00e8s-midi a \u00e9t\u00e9 consacr\u00e9 \u00e0 plusieurs ateliers anim\u00e9s par les \u00e9quipes mobilis\u00e9es pour l&rsquo;\u00e9v\u00e9nement. Au programme : conseils RH, accompagnement digital, coaching professionnel et simulations d&rsquo;entretien. Ces temps de travail ont permis aux participantes de b\u00e9n\u00e9ficier de recommandations personnalis\u00e9es, de prendre du recul sur leur parcours et de repartir avec des outils directement mobilisables dans leurs recherches d&#8217;emploi ou leurs projets professionnels.<\/span><span data-ccp-props=\"{&quot;335551550&quot;:6,&quot;335551620&quot;:6}\">\u00a0<\/span><\/p><p><span data-contrast=\"auto\">L&rsquo;impact de cette journ\u00e9e est parfaitement r\u00e9sum\u00e9 par le t\u00e9moignage d&rsquo;une participante : \u00ab Cette journ\u00e9e fr\u00f4le la perfection. Un grand merci \u00e0 toutes les personnes de Force Femmes et de Fursac qui se sont investies dans cette journ\u00e9e. Je ne sais pas si vous avez pleinement conscience de la richesse de ces partages et la force que cela nous donne. Vous \u00eates hors du commun. \u00bb<\/span><span data-ccp-props=\"{&quot;335551550&quot;:6,&quot;335551620&quot;:6}\">\u00a0<\/span><\/p><p><span data-contrast=\"auto\">Un immense merci aux \u00e9quipes de <\/span><b><span data-contrast=\"auto\">Fursac<\/span><\/b><span data-contrast=\"auto\"> et du <\/span><b><span data-contrast=\"auto\">groupe SMCP<\/span><\/b><span data-contrast=\"auto\"> pour leur engagement fid\u00e8le \u00e0 nos c\u00f4t\u00e9s. Ensemble, nous continuons \u00e0 cr\u00e9er des passerelles, renforcer la confiance et ouvrir de nouvelles perspectives professionnelles pour les femmes accompagn\u00e9es par Force Femmes.<\/span><span data-contrast=\"auto\">\u00a0<\/span><span data-ccp-props=\"{&quot;335551550&quot;:6,&quot;335551620&quot;:6}\">\u00a0<\/span><\/p>\t\t\t\t\t\t\t\t<\/div>\n\t\t\t\t<\/div>\n\t\t\t\t\t<\/div>\n\t\t<\/div>\n\t\t\t\t\t<\/div>\n\t\t<\/section>\n\t\t\t\t<section class=\"elementor-section elementor-top-section elementor-element elementor-element-cd67bd7 elementor-section-stretched elementor-section-boxed elementor-section-height-default elementor-section-height-default parallax_section_no qode_elementor_container_no\" data-id=\"cd67bd7\" data-element_type=\"section\" data-e-type=\"section\" data-settings=\"{&quot;stretch_section&quot;:&quot;section-stretched&quot;}\">\n\t\t\t\t\t\t<div class=\"elementor-container elementor-column-gap-default\">\n\t\t\t\t\t<div class=\"elementor-column elementor-col-100 elementor-top-column elementor-element elementor-element-621db54\" data-id=\"621db54\" data-element_type=\"column\" data-e-type=\"column\">\n\t\t\t<div class=\"elementor-widget-wrap\">\n\t\t\t\t\t\t\t<\/div>\n\t\t<\/div>\n\t\t\t\t\t<\/div>\n\t\t<\/section>\n\t\t\t\t<\/div>\n\t\t","protected":false},"excerpt":{"rendered":"<p>Une journ\u00e9e riche en partages chez Fursac Le 9 avril dernier, Fursac a accueilli 15 femmes accompagn\u00e9es au sein des locaux du groupe SMCP \u00e0 Paris, pour une journ\u00e9e riche en \u00e9changes, en apprentissages et en rencontres inspirantes, d\u00e9di\u00e9 \u00e0 leur projet professionnel, au d\u00e9veloppement&#8230;<\/p>\n","protected":false},"author":1,"featured_media":24926,"comment_status":"closed","ping_status":"closed","sticky":false,"template":"","format":"standard","meta":{"footnotes":""},"categories":[138],"tags":[],"class_list":["post-24900","post","type-post","status-publish","format-standard","has-post-thumbnail","hentry","category-partenaires"],"yoast_head":"<!-- This site is optimized with the Yoast SEO Premium plugin v27.0 (Yoast SEO v27.9) - https:\/\/yoast.com\/product\/yoast-seo-premium-wordpress\/ -->\n<title>Fursac accueille 15 femmes de Force Femmes \u00e0 Paris<\/title>\n<meta name=\"description\" content=\"Fursac a accueilli 15 femmes de Force Femmes pour une journ\u00e9e d\u00e9di\u00e9e au leadership et \u00e0 la confiance en soi.\" \/>\n<meta name=\"robots\" content=\"index, follow, max-snippet:-1, max-image-preview:large, max-video-preview:-1\" \/>\n<link rel=\"canonical\" href=\"https:\/\/www.forcefemmes.com\/?p=24900\" \/>\n<meta property=\"og:locale\" content=\"fr_FR\" \/>\n<meta property=\"og:type\" content=\"article\" \/>\n<meta property=\"og:title\" content=\"Une journ\u00e9e riche en partages chez Fursac\" \/>\n<meta property=\"og:description\" content=\"Fursac a accueilli 15 femmes de Force Femmes pour une journ\u00e9e d\u00e9di\u00e9e au leadership et \u00e0 la confiance en soi.\" \/>\n<meta property=\"og:url\" content=\"https:\/\/www.forcefemmes.com\/?p=24900\" \/>\n<meta property=\"og:site_name\" content=\"Force Femmes\" \/>\n<meta property=\"article:published_time\" content=\"2026-05-12T08:14:57+00:00\" \/>\n<meta property=\"article:modified_time\" content=\"2026-08-28T08:48:02+00:00\" \/>\n<meta property=\"og:image\" content=\"https:\/\/www.forcefemmes.com\/wp-content\/uploads\/2026\/05\/Fursac-2.png\" \/>\n\t<meta property=\"og:image:width\" content=\"1200\" \/>\n\t<meta property=\"og:image:height\" content=\"1200\" \/>\n\t<meta property=\"og:image:type\" content=\"image\/png\" \/>\n<meta name=\"author\" content=\"info@forcefemmes.com\" \/>\n<meta name=\"twitter:card\" content=\"summary_large_image\" \/>\n<meta name=\"twitter:label1\" content=\"\u00c9crit par\" \/>\n\t<meta name=\"twitter:data1\" content=\"info@forcefemmes.com\" \/>\n\t<meta name=\"twitter:label2\" content=\"Dur\u00e9e de lecture estim\u00e9e\" \/>\n\t<meta name=\"twitter:data2\" content=\"3 minutes\" \/>\n<script type=\"application\/ld+json\" class=\"yoast-schema-graph\">{\"@context\":\"https:\\\/\\\/schema.org\",\"@graph\":[{\"@type\":\"Article\",\"@id\":\"https:\\\/\\\/www.forcefemmes.com\\\/?p=24900#article\",\"isPartOf\":{\"@id\":\"https:\\\/\\\/www.forcefemmes.com\\\/?p=24900\"},\"author\":{\"name\":\"info@forcefemmes.com\",\"@id\":\"https:\\\/\\\/www.forcefemmes.com\\\/#\\\/schema\\\/person\\\/5bbda8a197fcdd46d3de8a8adc540d4f\"},\"headline\":\"Une journ\u00e9e riche en partages chez Fursac\",\"datePublished\":\"2026-05-12T08:14:57+00:00\",\"dateModified\":\"2026-08-28T08:48:02+00:00\",\"mainEntityOfPage\":{\"@id\":\"https:\\\/\\\/www.forcefemmes.com\\\/?p=24900\"},\"wordCount\":417,\"image\":{\"@id\":\"https:\\\/\\\/www.forcefemmes.com\\\/?p=24900#primaryimage\"},\"thumbnailUrl\":\"https:\\\/\\\/www.forcefemmes.com\\\/wp-content\\\/uploads\\\/2026\\\/05\\\/Fursac-2.png\",\"articleSection\":[\"Partenaires\"],\"inLanguage\":\"fr-FR\"},{\"@type\":\"WebPage\",\"@id\":\"https:\\\/\\\/www.forcefemmes.com\\\/?p=24900\",\"url\":\"https:\\\/\\\/www.forcefemmes.com\\\/?p=24900\",\"name\":\"Fursac accueille 15 femmes de Force Femmes \u00e0 Paris\",\"isPartOf\":{\"@id\":\"https:\\\/\\\/www.forcefemmes.com\\\/#website\"},\"primaryImageOfPage\":{\"@id\":\"https:\\\/\\\/www.forcefemmes.com\\\/?p=24900#primaryimage\"},\"image\":{\"@id\":\"https:\\\/\\\/www.forcefemmes.com\\\/?p=24900#primaryimage\"},\"thumbnailUrl\":\"https:\\\/\\\/www.forcefemmes.com\\\/wp-content\\\/uploads\\\/2026\\\/05\\\/Fursac-2.png\",\"datePublished\":\"2026-05-12T08:14:57+00:00\",\"dateModified\":\"2026-08-28T08:48:02+00:00\",\"author\":{\"@id\":\"https:\\\/\\\/www.forcefemmes.com\\\/#\\\/schema\\\/person\\\/5bbda8a197fcdd46d3de8a8adc540d4f\"},\"description\":\"Fursac a accueilli 15 femmes de Force Femmes pour une journ\u00e9e d\u00e9di\u00e9e au leadership et \u00e0 la confiance en soi.\",\"breadcrumb\":{\"@id\":\"https:\\\/\\\/www.forcefemmes.com\\\/?p=24900#breadcrumb\"},\"inLanguage\":\"fr-FR\",\"potentialAction\":[{\"@type\":\"ReadAction\",\"target\":[\"https:\\\/\\\/www.forcefemmes.com\\\/?p=24900\"]}]},{\"@type\":\"ImageObject\",\"inLanguage\":\"fr-FR\",\"@id\":\"https:\\\/\\\/www.forcefemmes.com\\\/?p=24900#primaryimage\",\"url\":\"https:\\\/\\\/www.forcefemmes.com\\\/wp-content\\\/uploads\\\/2026\\\/05\\\/Fursac-2.png\",\"contentUrl\":\"https:\\\/\\\/www.forcefemmes.com\\\/wp-content\\\/uploads\\\/2026\\\/05\\\/Fursac-2.png\",\"width\":1200,\"height\":1200},{\"@type\":\"BreadcrumbList\",\"@id\":\"https:\\\/\\\/www.forcefemmes.com\\\/?p=24900#breadcrumb\",\"itemListElement\":[{\"@type\":\"ListItem\",\"position\":1,\"name\":\"Accueil\",\"item\":\"https:\\\/\\\/www.forcefemmes.com\\\/\"},{\"@type\":\"ListItem\",\"position\":2,\"name\":\"Une journ\u00e9e riche en partages chez Fursac\"}]},{\"@type\":\"WebSite\",\"@id\":\"https:\\\/\\\/www.forcefemmes.com\\\/#website\",\"url\":\"https:\\\/\\\/www.forcefemmes.com\\\/\",\"name\":\"Force Femmes\",\"description\":\"Agit pour l&#039;emploi des femmes de plus de 45 ans\",\"potentialAction\":[{\"@type\":\"SearchAction\",\"target\":{\"@type\":\"EntryPoint\",\"urlTemplate\":\"https:\\\/\\\/www.forcefemmes.com\\\/?s={search_term_string}\"},\"query-input\":{\"@type\":\"PropertyValueSpecification\",\"valueRequired\":true,\"valueName\":\"search_term_string\"}}],\"inLanguage\":\"fr-FR\"},{\"@type\":\"Person\",\"@id\":\"https:\\\/\\\/www.forcefemmes.com\\\/#\\\/schema\\\/person\\\/5bbda8a197fcdd46d3de8a8adc540d4f\",\"name\":\"info@forcefemmes.com\",\"image\":{\"@type\":\"ImageObject\",\"inLanguage\":\"fr-FR\",\"@id\":\"https:\\\/\\\/secure.gravatar.com\\\/avatar\\\/59a27199a7c59611639f4688250f25c22dd80de380a1c288192b326a850411a4?s=96&d=mm&r=g\",\"url\":\"https:\\\/\\\/secure.gravatar.com\\\/avatar\\\/59a27199a7c59611639f4688250f25c22dd80de380a1c288192b326a850411a4?s=96&d=mm&r=g\",\"contentUrl\":\"https:\\\/\\\/secure.gravatar.com\\\/avatar\\\/59a27199a7c59611639f4688250f25c22dd80de380a1c288192b326a850411a4?s=96&d=mm&r=g\",\"caption\":\"info@forcefemmes.com\"},\"url\":\"https:\\\/\\\/www.forcefemmes.com\\\/?author=1\"}]}<\/script>\n<!-- \/ Yoast SEO Premium plugin. -->","yoast_head_json":{"title":"Fursac accueille 15 femmes de Force Femmes \u00e0 Paris","description":"Fursac a accueilli 15 femmes de Force Femmes pour une journ\u00e9e d\u00e9di\u00e9e au leadership et \u00e0 la confiance en soi.","robots":{"index":"index","follow":"follow","max-snippet":"max-snippet:-1","max-image-preview":"max-image-preview:large","max-video-preview":"max-video-preview:-1"},"canonical":"https:\/\/www.forcefemmes.com\/?p=24900","og_locale":"fr_FR","og_type":"article","og_title":"Une journ\u00e9e riche en partages chez Fursac","og_description":"Fursac a accueilli 15 femmes de Force Femmes pour une journ\u00e9e d\u00e9di\u00e9e au leadership et \u00e0 la confiance en soi.","og_url":"https:\/\/www.forcefemmes.com\/?p=24900","og_site_name":"Force Femmes","article_published_time":"2026-05-12T08:14:57+00:00","article_modified_time":"2026-08-28T08:48:02+00:00","og_image":[{"width":1200,"height":1200,"url":"https:\/\/www.forcefemmes.com\/wp-content\/uploads\/2026\/05\/Fursac-2.png","type":"image\/png"}],"author":"info@forcefemmes.com","twitter_card":"summary_large_image","twitter_misc":{"\u00c9crit par":"info@forcefemmes.com","Dur\u00e9e de lecture estim\u00e9e":"3 minutes"},"schema":{"@context":"https:\/\/schema.org","@graph":[{"@type":"Article","@id":"https:\/\/www.forcefemmes.com\/?p=24900#article","isPartOf":{"@id":"https:\/\/www.forcefemmes.com\/?p=24900"},"author":{"name":"info@forcefemmes.com","@id":"https:\/\/www.forcefemmes.com\/#\/schema\/person\/5bbda8a197fcdd46d3de8a8adc540d4f"},"headline":"Une journ\u00e9e riche en partages chez Fursac","datePublished":"2026-05-12T08:14:57+00:00","dateModified":"2026-08-28T08:48:02+00:00","mainEntityOfPage":{"@id":"https:\/\/www.forcefemmes.com\/?p=24900"},"wordCount":417,"image":{"@id":"https:\/\/www.forcefemmes.com\/?p=24900#primaryimage"},"thumbnailUrl":"https:\/\/www.forcefemmes.com\/wp-content\/uploads\/2026\/05\/Fursac-2.png","articleSection":["Partenaires"],"inLanguage":"fr-FR"},{"@type":"WebPage","@id":"https:\/\/www.forcefemmes.com\/?p=24900","url":"https:\/\/www.forcefemmes.com\/?p=24900","name":"Fursac accueille 15 femmes de Force Femmes \u00e0 Paris","isPartOf":{"@id":"https:\/\/www.forcefemmes.com\/#website"},"primaryImageOfPage":{"@id":"https:\/\/www.forcefemmes.com\/?p=24900#primaryimage"},"image":{"@id":"https:\/\/www.forcefemmes.com\/?p=24900#primaryimage"},"thumbnailUrl":"https:\/\/www.forcefemmes.com\/wp-content\/uploads\/2026\/05\/Fursac-2.png","datePublished":"2026-05-12T08:14:57+00:00","dateModified":"2026-08-28T08:48:02+00:00","author":{"@id":"https:\/\/www.forcefemmes.com\/#\/schema\/person\/5bbda8a197fcdd46d3de8a8adc540d4f"},"description":"Fursac a accueilli 15 femmes de Force Femmes pour une journ\u00e9e d\u00e9di\u00e9e au leadership et \u00e0 la confiance en soi.","breadcrumb":{"@id":"https:\/\/www.forcefemmes.com\/?p=24900#breadcrumb"},"inLanguage":"fr-FR","potentialAction":[{"@type":"ReadAction","target":["https:\/\/www.forcefemmes.com\/?p=24900"]}]},{"@type":"ImageObject","inLanguage":"fr-FR","@id":"https:\/\/www.forcefemmes.com\/?p=24900#primaryimage","url":"https:\/\/www.forcefemmes.com\/wp-content\/uploads\/2026\/05\/Fursac-2.png","contentUrl":"https:\/\/www.forcefemmes.com\/wp-content\/uploads\/2026\/05\/Fursac-2.png","width":1200,"height":1200},{"@type":"BreadcrumbList","@id":"https:\/\/www.forcefemmes.com\/?p=24900#breadcrumb","itemListElement":[{"@type":"ListItem","position":1,"name":"Accueil","item":"https:\/\/www.forcefemmes.com\/"},{"@type":"ListItem","position":2,"name":"Une journ\u00e9e riche en partages chez Fursac"}]},{"@type":"WebSite","@id":"https:\/\/www.forcefemmes.com\/#website","url":"https:\/\/www.forcefemmes.com\/","name":"Force Femmes","description":"Agit pour l&#039;emploi des femmes de plus de 45 ans","potentialAction":[{"@type":"SearchAction","target":{"@type":"EntryPoint","urlTemplate":"https:\/\/www.forcefemmes.com\/?s={search_term_string}"},"query-input":{"@type":"PropertyValueSpecification","valueRequired":true,"valueName":"search_term_string"}}],"inLanguage":"fr-FR"},{"@type":"Person","@id":"https:\/\/www.forcefemmes.com\/#\/schema\/person\/5bbda8a197fcdd46d3de8a8adc540d4f","name":"info@forcefemmes.com","image":{"@type":"ImageObject","inLanguage":"fr-FR","@id":"https:\/\/secure.gravatar.com\/avatar\/59a27199a7c59611639f4688250f25c22dd80de380a1c288192b326a850411a4?s=96&d=mm&r=g","url":"https:\/\/secure.gravatar.com\/avatar\/59a27199a7c59611639f4688250f25c22dd80de380a1c288192b326a850411a4?s=96&d=mm&r=g","contentUrl":"https:\/\/secure.gravatar.com\/avatar\/59a27199a7c59611639f4688250f25c22dd80de380a1c288192b326a850411a4?s=96&d=mm&r=g","caption":"info@forcefemmes.com"},"url":"https:\/\/www.forcefemmes.com\/?author=1"}]}},"_links":{"self":[{"href":"https:\/\/www.forcefemmes.com\/index.php?rest_route=\/wp\/v2\/posts\/24900","targetHints":{"allow":["GET"]}}],"collection":[{"href":"https:\/\/www.forcefemmes.com\/index.php?rest_route=\/wp\/v2\/posts"}],"about":[{"href":"https:\/\/www.forcefemmes.com\/index.php?rest_route=\/wp\/v2\/types\/post"}],"author":[{"embeddable":true,"href":"https:\/\/www.forcefemmes.com\/index.php?rest_route=\/wp\/v2\/users\/1"}],"replies":[{"embeddable":true,"href":"https:\/\/www.forcefemmes.com\/index.php?rest_route=%2Fwp%2Fv2%2Fcomments&post=24900"}],"version-history":[{"count":16,"href":"https:\/\/www.forcefemmes.com\/index.php?rest_route=\/wp\/v2\/posts\/24900\/revisions"}],"predecessor-version":[{"id":24937,"href":"https:\/\/www.forcefemmes.com\/index.php?rest_route=\/wp\/v2\/posts\/24900\/revisions\/24937"}],"wp:featuredmedia":[{"embeddable":true,"href":"https:\/\/www.forcefemmes.com\/index.php?rest_route=\/wp\/v2\/media\/24926"}],"wp:attachment":[{"href":"https:\/\/www.forcefemmes.com\/index.php?rest_route=%2Fwp%2Fv2%2Fmedia&parent=24900"}],"wp:term":[{"taxonomy":"category","embeddable":true,"href":"https:\/\/www.forcefemmes.com\/index.php?rest_route=%2Fwp%2Fv2%2Fcategories&post=24900"},{"taxonomy":"post_tag","embeddable":true,"href":"https:\/\/www.forcefemmes.com\/index.php?rest_route=%2Fwp%2Fv2%2Ftags&post=24900"}],"curies":[{"name":"wp","href":"https:\/\/api.w.org\/{rel}","templated":true}]}}